{"id":1601,"date":"2016-09-13T10:44:53","date_gmt":"2016-09-13T07:44:53","guid":{"rendered":"http:\/\/www.real.edu.ee\/ajaveeb\/140b\/?p=1601"},"modified":"2017-01-15T07:55:02","modified_gmt":"2017-01-15T05:55:02","slug":"teadlaste-oo-reaalkoolis","status":"publish","type":"post","link":"https:\/\/www.real.edu.ee\/ajaveeb\/arh140b\/2016\/09\/13\/teadlaste-oo-reaalkoolis\/","title":{"rendered":"Teadlaste \u00d6\u00f6 Reaalkoolis"},"content":{"rendered":"<p>Meie klassi esindasi sel aastal Teadlaste \u00d6\u00f6l Ingrid ja\u00a0 Mia-Viktoria t\u00f6\u00f6ga &#8220;Tarretis&#8221;; Saskia ja Kaisa t\u00f6\u00f6ga &#8220;Pl\u00f6ga&#8221;, Luka, Karl Hendrik, P\u00e4rtel t\u00f6\u00f6ga &#8220;Elup\u00e4\u00e4stja&#8221;, Margaret t\u00f6\u00f6ga &#8220;Reaalkooli meierei&#8221;. Ait\u00e4h k\u00f5igile neile tublidele lastele ja nende peredele!<\/p>\n\n\t\t<style type=\"text\/css\">\n\t\t\t#gallery-1 {\n\t\t\t\tmargin: auto;\n\t\t\t}\n\t\t\t#gallery-1 .gallery-item {\n\t\t\t\tfloat: left;\n\t\t\t\tmargin-top: 10px;\n\t\t\t\ttext-align: center;\n\t\t\t\twidth: 33%;\n\t\t\t}\n\t\t\t#gallery-1 img {\n\t\t\t\tborder: 2px solid #cfcfcf;\n\t\t\t}\n\t\t\t#gallery-1 .gallery-caption {\n\t\t\t\tmargin-left: 0;\n\t\t\t}\n\t\t\t\/* see gallery_shortcode() in wp-includes\/media.php *\/\n\t\t<\/style>\n\t\t<div id='gallery-1' class='gallery galleryid-1601 gallery-columns-3 gallery-size-thumbnail'><dl class='gallery-item'>\n\t\t\t<dt class='gallery-icon landscape'>\n\t\t\t\t<a href='https:\/\/www.real.edu.ee\/ajaveeb\/arh140b\/2016\/09\/13\/teadlaste-oo-reaalkoolis\/20160930_185427\/'><img loading=\"lazy\" decoding=\"async\" width=\"150\" height=\"150\" src=\"https:\/\/www.real.edu.ee\/ajaveeb\/arh140b\/files\/2017\/01\/20160930_185427-150x150.jpg\" class=\"attachment-thumbnail size-thumbnail\" alt=\"\" \/><\/a>\n\t\t\t<\/dt><\/dl><dl class='gallery-item'>\n\t\t\t<dt class='gallery-icon landscape'>\n\t\t\t\t<a href='https:\/\/www.real.edu.ee\/ajaveeb\/arh140b\/2016\/09\/13\/teadlaste-oo-reaalkoolis\/20160930_181326\/'><img loading=\"lazy\" decoding=\"async\" width=\"150\" height=\"150\" src=\"https:\/\/www.real.edu.ee\/ajaveeb\/arh140b\/files\/2017\/01\/20160930_181326-e1484294399262-150x150.jpg\" class=\"attachment-thumbnail size-thumbnail\" alt=\"\" \/><\/a>\n\t\t\t<\/dt><\/dl><dl class='gallery-item'>\n\t\t\t<dt class='gallery-icon portrait'>\n\t\t\t\t<a href='https:\/\/www.real.edu.ee\/ajaveeb\/arh140b\/2016\/09\/13\/teadlaste-oo-reaalkoolis\/20160930_181202\/'><img loading=\"lazy\" decoding=\"async\" width=\"150\" height=\"150\" src=\"https:\/\/www.real.edu.ee\/ajaveeb\/arh140b\/files\/2017\/01\/20160930_181202-e1484294563335-150x150.jpg\" class=\"attachment-thumbnail size-thumbnail\" alt=\"\" \/><\/a>\n\t\t\t<\/dt><\/dl><br style=\"clear: both\" \/><dl class='gallery-item'>\n\t\t\t<dt class='gallery-icon landscape'>\n\t\t\t\t<a href='https:\/\/www.real.edu.ee\/ajaveeb\/arh140b\/2016\/09\/13\/teadlaste-oo-reaalkoolis\/20160930_180951\/'><img loading=\"lazy\" decoding=\"async\" width=\"150\" height=\"150\" src=\"https:\/\/www.real.edu.ee\/ajaveeb\/arh140b\/files\/2017\/01\/20160930_180951-e1484294364752-150x150.jpg\" class=\"attachment-thumbnail size-thumbnail\" alt=\"\" \/><\/a>\n\t\t\t<\/dt><\/dl><dl class='gallery-item'>\n\t\t\t<dt class='gallery-icon landscape'>\n\t\t\t\t<a href='https:\/\/www.real.edu.ee\/ajaveeb\/arh140b\/2016\/09\/13\/teadlaste-oo-reaalkoolis\/20160930_181319\/'><img loading=\"lazy\" decoding=\"async\" width=\"150\" height=\"150\" src=\"https:\/\/www.real.edu.ee\/ajaveeb\/arh140b\/files\/2017\/01\/20160930_181319-e1484294573623-150x150.jpg\" class=\"attachment-thumbnail size-thumbnail\" alt=\"\" \/><\/a>\n\t\t\t<\/dt><\/dl>\n\t\t\t<br style='clear: both' \/>\n\t\t<\/div>\n\n","protected":false},"excerpt":{"rendered":"<p>Meie klassi esindasi sel aastal Teadlaste \u00d6\u00f6l Ingrid ja\u00a0 Mia-Viktoria t\u00f6\u00f6ga &#8220;Tarretis&#8221;; Saskia ja Kaisa t\u00f6\u00f6ga &#8220;Pl\u00f6ga&#8221;, Luka, Karl Hendrik, P\u00e4rtel t\u00f6\u00f6ga &#8220;Elup\u00e4\u00e4stja&#8221;, Margaret t\u00f6\u00f6ga &#8220;Reaalkooli meierei&#8221;. Ait\u00e4h k\u00f5igile neile tublidele lastele ja nende peredele!<\/p>\n","protected":false},"author":71,"featured_media":0,"comment_status":"open","ping_status":"open","sticky":false,"template":"","format":"standard","meta":{"footnotes":""},"categories":[4],"tags":[],"class_list":["post-1601","post","type-post","status-publish","format-standard","hentry","category-4-klass"],"_links":{"self":[{"href":"https:\/\/www.real.edu.ee\/ajaveeb\/arh140b\/wp-json\/wp\/v2\/posts\/1601","targetHints":{"allow":["GET"]}}],"collection":[{"href":"https:\/\/www.real.edu.ee\/ajaveeb\/arh140b\/wp-json\/wp\/v2\/posts"}],"about":[{"href":"https:\/\/www.real.edu.ee\/ajaveeb\/arh140b\/wp-json\/wp\/v2\/types\/post"}],"author":[{"embeddable":true,"href":"https:\/\/www.real.edu.ee\/ajaveeb\/arh140b\/wp-json\/wp\/v2\/users\/71"}],"replies":[{"embeddable":true,"href":"https:\/\/www.real.edu.ee\/ajaveeb\/arh140b\/wp-json\/wp\/v2\/comments?post=1601"}],"version-history":[{"count":6,"href":"https:\/\/www.real.edu.ee\/ajaveeb\/arh140b\/wp-json\/wp\/v2\/posts\/1601\/revisions"}],"predecessor-version":[{"id":1613,"href":"https:\/\/www.real.edu.ee\/ajaveeb\/arh140b\/wp-json\/wp\/v2\/posts\/1601\/revisions\/1613"}],"wp:attachment":[{"href":"https:\/\/www.real.edu.ee\/ajaveeb\/arh140b\/wp-json\/wp\/v2\/media?parent=1601"}],"wp:term":[{"taxonomy":"category","embeddable":true,"href":"https:\/\/www.real.edu.ee\/ajaveeb\/arh140b\/wp-json\/wp\/v2\/categories?post=1601"},{"taxonomy":"post_tag","embeddable":true,"href":"https:\/\/www.real.edu.ee\/ajaveeb\/arh140b\/wp-json\/wp\/v2\/tags?post=1601"}],"curies":[{"name":"wp","href":"https:\/\/api.w.org\/{rel}","templated":true}]}}