{"id":1349,"date":"2016-08-29T20:17:08","date_gmt":"2016-08-29T17:17:08","guid":{"rendered":"http:\/\/www.real.edu.ee\/ajaveeb\/140b\/?p=1349"},"modified":"2016-08-29T20:26:56","modified_gmt":"2016-08-29T17:26:56","slug":"1-septembril","status":"publish","type":"post","link":"https:\/\/www.real.edu.ee\/ajaveeb\/arh140b\/2016\/08\/29\/1-septembril\/","title":{"rendered":"1. septembril"},"content":{"rendered":"<p><span style=\"color: #000080\">Kohtume 1. septembril P\u00e4rnu mnt maja hoovis kell 9.30, kus toimub remonditud koolimaja pidulik avamine. Seej\u00e4rel tervitame oma vana, aga ka natuke uut klassiruumi 3. korrusel ja l\u00e4heme kell 10.00 koos aktusele kooli staadionil.<\/span><\/p>\n<p><span style=\"color: #000080\">Peale aktust toimub klassijuhataja tund, selle l\u00f5ppedes teeme fotod uue \u00f5pilaspileti jaoks. Esimene koolip\u00e4ev l\u00f5peb 11.30 paiku.<\/span><\/p>\n<p><span style=\"color: #000080\">Selga pidulik koolivorm, p\u00e4he koolim\u00fcts, kaasa pinal!<\/span><\/p>\n<p><strong><span style=\"color: #993300\">2. septembril<\/span><\/strong><\/p>\n<p><span style=\"color: #993300\">Kell 8.30 koguneme kooli juurde tantsuproovi \u00f5p Silviaga, valmistume v\u00f5imlemispeoks 26. septembril.<\/span><\/p>\n<p><span style=\"color: #993300\">Kell 9.30 l\u00e4hme koos klassiga korvpallikohtumistele Vabaduse v\u00e4ljakul.<\/span><\/p>\n<p><span style=\"color: #993300\">Selga koolivorm, p\u00e4he koolim\u00fcts,\u00a0 kaasa s\u00fc\u00fca-juua, soovi korral istumisalus ja plakat oma kooli meeskondade ergutamiseks.<br \/>\n<\/span><\/p>\n<p><span style=\"color: #993300\">P\u00e4ev l\u00f5peb 13.00 paiku.<\/span><\/p>\n<p><span style=\"color: #000080\">Kohtumiseni 1. septembril!<\/span><\/p>\n<p><span style=\"color: #000080\">\u00f5p Reet<\/span><\/p>\n<p>&nbsp;<\/p>\n<p>&nbsp;<\/p>\n","protected":false},"excerpt":{"rendered":"<p>Kohtume 1. septembril P\u00e4rnu mnt maja hoovis kell 9.30, kus toimub remonditud koolimaja pidulik avamine. Seej\u00e4rel tervitame oma vana, aga ka natuke uut klassiruumi 3. korrusel ja l\u00e4heme kell 10.00 koos aktusele kooli staadionil. Peale aktust toimub klassijuhataja tund, selle l\u00f5ppedes teeme fotod uue \u00f5pilaspileti jaoks. Esimene koolip\u00e4ev l\u00f5peb 11.30 paiku. Selga pidulik koolivorm, p\u00e4he [&hellip;]<\/p>\n","protected":false},"author":71,"featured_media":0,"comment_status":"open","ping_status":"open","sticky":false,"template":"","format":"standard","meta":{"footnotes":""},"categories":[1],"tags":[],"class_list":["post-1349","post","type-post","status-publish","format-standard","hentry","category-maaratlemata"],"_links":{"self":[{"href":"https:\/\/www.real.edu.ee\/ajaveeb\/arh140b\/wp-json\/wp\/v2\/posts\/1349","targetHints":{"allow":["GET"]}}],"collection":[{"href":"https:\/\/www.real.edu.ee\/ajaveeb\/arh140b\/wp-json\/wp\/v2\/posts"}],"about":[{"href":"https:\/\/www.real.edu.ee\/ajaveeb\/arh140b\/wp-json\/wp\/v2\/types\/post"}],"author":[{"embeddable":true,"href":"https:\/\/www.real.edu.ee\/ajaveeb\/arh140b\/wp-json\/wp\/v2\/users\/71"}],"replies":[{"embeddable":true,"href":"https:\/\/www.real.edu.ee\/ajaveeb\/arh140b\/wp-json\/wp\/v2\/comments?post=1349"}],"version-history":[{"count":14,"href":"https:\/\/www.real.edu.ee\/ajaveeb\/arh140b\/wp-json\/wp\/v2\/posts\/1349\/revisions"}],"predecessor-version":[{"id":1367,"href":"https:\/\/www.real.edu.ee\/ajaveeb\/arh140b\/wp-json\/wp\/v2\/posts\/1349\/revisions\/1367"}],"wp:attachment":[{"href":"https:\/\/www.real.edu.ee\/ajaveeb\/arh140b\/wp-json\/wp\/v2\/media?parent=1349"}],"wp:term":[{"taxonomy":"category","embeddable":true,"href":"https:\/\/www.real.edu.ee\/ajaveeb\/arh140b\/wp-json\/wp\/v2\/categories?post=1349"},{"taxonomy":"post_tag","embeddable":true,"href":"https:\/\/www.real.edu.ee\/ajaveeb\/arh140b\/wp-json\/wp\/v2\/tags?post=1349"}],"curies":[{"name":"wp","href":"https:\/\/api.w.org\/{rel}","templated":true}]}}