{"id":1336,"date":"2016-08-25T19:00:08","date_gmt":"2016-08-25T16:00:08","guid":{"rendered":"http:\/\/www.real.edu.ee\/ajaveeb\/140b\/?p=1336"},"modified":"2016-08-31T07:40:03","modified_gmt":"2016-08-31T04:40:03","slug":"laheneb-reaalkooli-sunnipaev-135","status":"publish","type":"post","link":"https:\/\/www.real.edu.ee\/ajaveeb\/arh140b\/2016\/08\/25\/laheneb-reaalkooli-sunnipaev-135\/","title":{"rendered":"L\u00e4heneb Reaalkooli s\u00fcnnip\u00e4ev- 135!"},"content":{"rendered":"<p><strong>2016. aasta s\u00fcgisel t\u00e4histab Tallinna Reaalkool oma 135. s\u00fcnnip\u00e4eva.<\/strong><\/p>\n<p>Selle s\u00fcndmuse t\u00e4histamine algab juba 2. septembril kell 10.00 Vabaduse v\u00e4ljakul, mil toimub korvpallikohtumine Reaalkooli ja GAGi v\u00f5istkondade vahel. Oleme oma kooliperedega selle m\u00e4ngu publikuks ja elame\u00a0 v\u00f5istkondadele kaasa!\u00a0 <strong><br \/>\n<\/strong><\/p>\n<p><strong>Tahtmise ja v\u00f5imaluse korral l\u00f5ika, kirjuta, joonista, kleebi, kujunda kaasa plakat, millega omasid ergutada! (n PUM-T\u0160IGA-PUM&#8230;)<br \/>\n<\/strong><\/p>\n<p>T\u00e4psem teave \u00fcrituse kohta klassijuhatajalt 1. septembril.<\/p>\n\n\t\t<style type=\"text\/css\">\n\t\t\t#gallery-1 {\n\t\t\t\tmargin: auto;\n\t\t\t}\n\t\t\t#gallery-1 .gallery-item {\n\t\t\t\tfloat: left;\n\t\t\t\tmargin-top: 10px;\n\t\t\t\ttext-align: center;\n\t\t\t\twidth: 100%;\n\t\t\t}\n\t\t\t#gallery-1 img {\n\t\t\t\tborder: 2px solid #cfcfcf;\n\t\t\t}\n\t\t\t#gallery-1 .gallery-caption {\n\t\t\t\tmargin-left: 0;\n\t\t\t}\n\t\t\t\/* see gallery_shortcode() in wp-includes\/media.php *\/\n\t\t<\/style>\n\t\t<div id='gallery-1' class='gallery galleryid-1336 gallery-columns-1 gallery-size-thumbnail'><dl class='gallery-item'>\n\t\t\t<dt class='gallery-icon landscape'>\n\t\t\t\t<a href='https:\/\/www.real.edu.ee\/ajaveeb\/arh140b\/2016\/08\/25\/laheneb-reaalkooli-sunnipaev-135\/gag_reaal_135\/'><img loading=\"lazy\" decoding=\"async\" width=\"150\" height=\"150\" src=\"https:\/\/www.real.edu.ee\/ajaveeb\/arh140b\/files\/2016\/08\/GAG_Reaal_135-150x150.jpg\" class=\"attachment-thumbnail size-thumbnail\" alt=\"\" srcset=\"https:\/\/www.real.edu.ee\/ajaveeb\/arh140b\/files\/2016\/08\/GAG_Reaal_135-150x150.jpg 150w, https:\/\/www.real.edu.ee\/ajaveeb\/arh140b\/files\/2016\/08\/GAG_Reaal_135-300x300.jpg 300w, https:\/\/www.real.edu.ee\/ajaveeb\/arh140b\/files\/2016\/08\/GAG_Reaal_135-768x768.jpg 768w, https:\/\/www.real.edu.ee\/ajaveeb\/arh140b\/files\/2016\/08\/GAG_Reaal_135.jpg 940w\" sizes=\"auto, (max-width: 150px) 100vw, 150px\" \/><\/a>\n\t\t\t<\/dt><\/dl><br style=\"clear: both\" \/>\n\t\t<\/div>\n\n<table border=\"0\" cellspacing=\"1\" cellpadding=\"3\">\n<tbody>\n<tr>\n<td class=\"text11px\" valign=\"top\">&nbsp;<\/td>\n<td class=\"text11px\" valign=\"top\"><span style=\"color: #000080\">AJALOOST: Aastal 1920, 7. juunil toimus Gustav Adolfi G\u00fcmnaasiumi ja Tallinna Reaalkooli \u00f5pilaste vahel esimene ametlik korvpalliv\u00f5istlus Eestis. <strong>S\u00fcndis Eesti korvpall.<\/strong><\/span><\/td>\n<\/tr>\n<\/tbody>\n<\/table>\n<p>&nbsp;<\/p>\n","protected":false},"excerpt":{"rendered":"<p>2016. aasta s\u00fcgisel t\u00e4histab Tallinna Reaalkool oma 135. s\u00fcnnip\u00e4eva. Selle s\u00fcndmuse t\u00e4histamine algab juba 2. septembril kell 10.00 Vabaduse v\u00e4ljakul, mil toimub korvpallikohtumine Reaalkooli ja GAGi v\u00f5istkondade vahel. Oleme oma kooliperedega selle m\u00e4ngu publikuks ja elame\u00a0 v\u00f5istkondadele kaasa!\u00a0 Tahtmise ja v\u00f5imaluse korral l\u00f5ika, kirjuta, joonista, kleebi, kujunda kaasa plakat, millega omasid ergutada! (n PUM-T\u0160IGA-PUM&#8230;) T\u00e4psem [&hellip;]<\/p>\n","protected":false},"author":71,"featured_media":0,"comment_status":"open","ping_status":"open","sticky":false,"template":"","format":"standard","meta":{"footnotes":""},"categories":[1],"tags":[],"class_list":["post-1336","post","type-post","status-publish","format-standard","hentry","category-maaratlemata"],"_links":{"self":[{"href":"https:\/\/www.real.edu.ee\/ajaveeb\/arh140b\/wp-json\/wp\/v2\/posts\/1336","targetHints":{"allow":["GET"]}}],"collection":[{"href":"https:\/\/www.real.edu.ee\/ajaveeb\/arh140b\/wp-json\/wp\/v2\/posts"}],"about":[{"href":"https:\/\/www.real.edu.ee\/ajaveeb\/arh140b\/wp-json\/wp\/v2\/types\/post"}],"author":[{"embeddable":true,"href":"https:\/\/www.real.edu.ee\/ajaveeb\/arh140b\/wp-json\/wp\/v2\/users\/71"}],"replies":[{"embeddable":true,"href":"https:\/\/www.real.edu.ee\/ajaveeb\/arh140b\/wp-json\/wp\/v2\/comments?post=1336"}],"version-history":[{"count":10,"href":"https:\/\/www.real.edu.ee\/ajaveeb\/arh140b\/wp-json\/wp\/v2\/posts\/1336\/revisions"}],"predecessor-version":[{"id":1368,"href":"https:\/\/www.real.edu.ee\/ajaveeb\/arh140b\/wp-json\/wp\/v2\/posts\/1336\/revisions\/1368"}],"wp:attachment":[{"href":"https:\/\/www.real.edu.ee\/ajaveeb\/arh140b\/wp-json\/wp\/v2\/media?parent=1336"}],"wp:term":[{"taxonomy":"category","embeddable":true,"href":"https:\/\/www.real.edu.ee\/ajaveeb\/arh140b\/wp-json\/wp\/v2\/categories?post=1336"},{"taxonomy":"post_tag","embeddable":true,"href":"https:\/\/www.real.edu.ee\/ajaveeb\/arh140b\/wp-json\/wp\/v2\/tags?post=1336"}],"curies":[{"name":"wp","href":"https:\/\/api.w.org\/{rel}","templated":true}]}}