{"id":845,"date":"2021-06-12T00:56:23","date_gmt":"2021-06-11T21:56:23","guid":{"rendered":"https:\/\/www.real.edu.ee\/ajaveeb\/139c\/?p=845"},"modified":"2021-06-12T00:58:19","modified_gmt":"2021-06-11T21:58:19","slug":"viimane-klassireis-saaremaale-%f0%9f%9a%a2","status":"publish","type":"post","link":"https:\/\/www.real.edu.ee\/ajaveeb\/arh139c\/2021\/06\/12\/viimane-klassireis-saaremaale-%f0%9f%9a%a2\/","title":{"rendered":"Viimane klassireis saaremaale \ud83d\udea2"},"content":{"rendered":"<p><img loading=\"lazy\" decoding=\"async\" class=\" wp-image-846 alignright\" src=\"http:\/\/www.real.edu.ee\/ajaveeb\/139c\/files\/2021\/06\/197127130_152285466924394_7862385617251568931_n-300x225.jpg\" alt=\"\" width=\"172\" height=\"131\" \/><\/p>\n<p style=\"text-align: left\">Asudes 7.45 uniselt kooli eest teele algaski meie s\u00f5it Saaremaa poole ja enne erilist peatust me ei teinudki, kui j\u00f5udsime Virtsu sadamani. Meri oli v\u00e4gagi t\u00fc\u00fcne ja Kuivastu sadamast leidsime ka meie giidi.<\/p>\n<div id=\"attachment_852\" style=\"width: 162px\" class=\"wp-caption alignleft\"><img loading=\"lazy\" decoding=\"async\" aria-describedby=\"caption-attachment-852\" class=\"wp-image-852\" src=\"http:\/\/www.real.edu.ee\/ajaveeb\/139c\/files\/2021\/06\/IMG_20210604_121239-scaled-e1623441227662-243x300.jpg\" alt=\"\" width=\"152\" height=\"188\" \/><p id=\"caption-attachment-852\" class=\"wp-caption-text\"><span style=\"font-size: 8pt\">Illusioon &#8211; musklis Viktoria\u00a0 \u00a0 hoiab \u00fcmbert kinni<\/span><\/p><\/div>\n<p style=\"text-align: left\">Imetlesime teel veidi loodust ja avastasime end peagi Muhu jaanalinnufarmist! Seal v\u00f5is n\u00e4ha k\u00f5iksugu loomi alates alpakadest l\u00f5petades albiino k\u00e4nguruga (r\u00e4\u00e4kimata muidugi jaanalindudest)<\/p>\n<p style=\"text-align: left\">H\u00fcppasime ka l\u00e4bi Koguva k\u00fclast ja seej\u00e4rel s\u00f5ime Kaali trahtris kosutavat l\u00f5unas\u00f6\u00f6ki. J\u00e4rgmisena piilusime \u00fcle Panga panga \u00e4\u00e4re ja leidsime tee isegi Hallikivi seiklusparki!<\/p>\n<p style=\"text-align: left\">Kui ronitud, laskutud ja k\u00e4ed valusad, j\u00f5udsimegi meie \u00f6\u00f6bimispaika &#8211; Kipi-Koovi matkakeskusesse. L\u00e4bi v\u00e4ikeste raskuste saime end k\u00e4mpingutesse jaotatud, siis \u00f5htust s\u00f6\u00f6dud ja suurem osa klassist j\u00f5udis ka randa!<\/p>\n<p><img loading=\"lazy\" decoding=\"async\" class=\" wp-image-857 alignright\" src=\"http:\/\/www.real.edu.ee\/ajaveeb\/139c\/files\/2021\/06\/IMG_20210604_135433-300x225.jpg\" alt=\"\" width=\"193\" height=\"145\" srcset=\"https:\/\/www.real.edu.ee\/ajaveeb\/arh139c\/files\/2021\/06\/IMG_20210604_135433-300x225.jpg 300w, https:\/\/www.real.edu.ee\/ajaveeb\/arh139c\/files\/2021\/06\/IMG_20210604_135433-1024x768.jpg 1024w, https:\/\/www.real.edu.ee\/ajaveeb\/arh139c\/files\/2021\/06\/IMG_20210604_135433-768x576.jpg 768w, https:\/\/www.real.edu.ee\/ajaveeb\/arh139c\/files\/2021\/06\/IMG_20210604_135433-1536x1152.jpg 1536w, https:\/\/www.real.edu.ee\/ajaveeb\/arh139c\/files\/2021\/06\/IMG_20210604_135433-2048x1536.jpg 2048w\" sizes=\"auto, (max-width: 193px) 100vw, 193px\" \/><\/p>\n<p style=\"text-align: left\"><span style=\"background-color: #ffffff\">Vesi polnud k\u00fcll p\u00e4ris mullivanni temperatuuris, ent meres said mitmed siiski supelda. P\u00e4ev l\u00f5ppes saunatamise, grillimise ja v\u00e4ga suure maffia m\u00e4nguga!<\/span><\/p>\n<p style=\"text-align: left\">Hommik k\u00e4es, s\u00f5ime ja ronisime bussi, suunaga S\u00f5rve s\u00e4\u00e4re poole. K\u00e4isime 52 meetri k\u00f5rgusel tuletorni otsas \u00e4ra ja kl\u00f5psasime ka kena klassipildi!<\/p>\n<p style=\"text-align: left\">Viimaseks sihtpaigaks oli loomulikult kuressaare, kus saime omale vaba aega niisama seiklemiseks ja olimegi valmis teekonnaks tagasi!<\/p>\n<p style=\"text-align: left\">Kogu reisi v\u00f5tab muidugi v\u00e4ga h\u00e4sti kokku ka Minna tehtud <a href=\"https:\/\/drive.google.com\/file\/d\/1Sl8Itu8ejQhigMguCsm-6oOWgnKm7bP5\/view?usp=sharing\">video<\/a>.<\/p>\n<p><span style=\"font-size: 8pt\"><strong>Ketlin \ud83d\ude42<\/strong><\/span><\/p>\n<p><img loading=\"lazy\" decoding=\"async\" class=\"wp-image-861 alignleft\" src=\"http:\/\/www.real.edu.ee\/ajaveeb\/139c\/files\/2021\/06\/195412565_1146318312544039_3202507877229665751_n-300x225.jpg\" alt=\"\" width=\"232\" height=\"174\" srcset=\"https:\/\/www.real.edu.ee\/ajaveeb\/arh139c\/files\/2021\/06\/195412565_1146318312544039_3202507877229665751_n-300x225.jpg 300w, https:\/\/www.real.edu.ee\/ajaveeb\/arh139c\/files\/2021\/06\/195412565_1146318312544039_3202507877229665751_n-768x576.jpg 768w, https:\/\/www.real.edu.ee\/ajaveeb\/arh139c\/files\/2021\/06\/195412565_1146318312544039_3202507877229665751_n.jpg 960w\" sizes=\"auto, (max-width: 232px) 100vw, 232px\" \/><img loading=\"lazy\" decoding=\"async\" class=\"wp-image-863 alignleft\" src=\"http:\/\/www.real.edu.ee\/ajaveeb\/139c\/files\/2021\/06\/IMG_20210605_004130-300x225.jpg\" alt=\"\" width=\"231\" height=\"173\" srcset=\"https:\/\/www.real.edu.ee\/ajaveeb\/arh139c\/files\/2021\/06\/IMG_20210605_004130-300x225.jpg 300w, https:\/\/www.real.edu.ee\/ajaveeb\/arh139c\/files\/2021\/06\/IMG_20210605_004130-1024x768.jpg 1024w, https:\/\/www.real.edu.ee\/ajaveeb\/arh139c\/files\/2021\/06\/IMG_20210605_004130-768x576.jpg 768w, https:\/\/www.real.edu.ee\/ajaveeb\/arh139c\/files\/2021\/06\/IMG_20210605_004130-1536x1152.jpg 1536w, https:\/\/www.real.edu.ee\/ajaveeb\/arh139c\/files\/2021\/06\/IMG_20210605_004130-2048x1536.jpg 2048w\" sizes=\"auto, (max-width: 231px) 100vw, 231px\" \/><img loading=\"lazy\" decoding=\"async\" class=\"wp-image-867 alignleft\" src=\"http:\/\/www.real.edu.ee\/ajaveeb\/139c\/files\/2021\/06\/195405182_2030715593737853_6820283858290889054_n-300x225.jpg\" alt=\"\" width=\"478\" height=\"358\" srcset=\"https:\/\/www.real.edu.ee\/ajaveeb\/arh139c\/files\/2021\/06\/195405182_2030715593737853_6820283858290889054_n-300x225.jpg 300w, https:\/\/www.real.edu.ee\/ajaveeb\/arh139c\/files\/2021\/06\/195405182_2030715593737853_6820283858290889054_n-1024x768.jpg 1024w, https:\/\/www.real.edu.ee\/ajaveeb\/arh139c\/files\/2021\/06\/195405182_2030715593737853_6820283858290889054_n-768x576.jpg 768w, https:\/\/www.real.edu.ee\/ajaveeb\/arh139c\/files\/2021\/06\/195405182_2030715593737853_6820283858290889054_n.jpg 1440w\" sizes=\"auto, (max-width: 478px) 100vw, 478px\" \/><\/p>\n","protected":false},"excerpt":{"rendered":"<p>Asudes 7.45 uniselt kooli eest teele algaski meie s\u00f5it Saaremaa poole ja enne erilist peatust me ei teinudki, kui j\u00f5udsime Virtsu sadamani. Meri oli v\u00e4gagi t\u00fc\u00fcne ja Kuivastu sadamast leidsime ka meie giidi. Imetlesime teel veidi loodust ja avastasime end peagi Muhu jaanalinnufarmist! Seal v\u00f5is n\u00e4ha k\u00f5iksugu loomi alates alpakadest l\u00f5petades albiino k\u00e4nguruga (r\u00e4\u00e4kimata muidugi [&hellip;]<\/p>\n","protected":false},"author":160,"featured_media":0,"comment_status":"closed","ping_status":"open","sticky":false,"template":"","format":"standard","meta":{"footnotes":""},"categories":[1],"tags":[],"class_list":["post-845","post","type-post","status-publish","format-standard","hentry","category-maaratlemata"],"_links":{"self":[{"href":"https:\/\/www.real.edu.ee\/ajaveeb\/arh139c\/wp-json\/wp\/v2\/posts\/845","targetHints":{"allow":["GET"]}}],"collection":[{"href":"https:\/\/www.real.edu.ee\/ajaveeb\/arh139c\/wp-json\/wp\/v2\/posts"}],"about":[{"href":"https:\/\/www.real.edu.ee\/ajaveeb\/arh139c\/wp-json\/wp\/v2\/types\/post"}],"author":[{"embeddable":true,"href":"https:\/\/www.real.edu.ee\/ajaveeb\/arh139c\/wp-json\/wp\/v2\/users\/160"}],"replies":[{"embeddable":true,"href":"https:\/\/www.real.edu.ee\/ajaveeb\/arh139c\/wp-json\/wp\/v2\/comments?post=845"}],"version-history":[{"count":89,"href":"https:\/\/www.real.edu.ee\/ajaveeb\/arh139c\/wp-json\/wp\/v2\/posts\/845\/revisions"}],"predecessor-version":[{"id":941,"href":"https:\/\/www.real.edu.ee\/ajaveeb\/arh139c\/wp-json\/wp\/v2\/posts\/845\/revisions\/941"}],"wp:attachment":[{"href":"https:\/\/www.real.edu.ee\/ajaveeb\/arh139c\/wp-json\/wp\/v2\/media?parent=845"}],"wp:term":[{"taxonomy":"category","embeddable":true,"href":"https:\/\/www.real.edu.ee\/ajaveeb\/arh139c\/wp-json\/wp\/v2\/categories?post=845"},{"taxonomy":"post_tag","embeddable":true,"href":"https:\/\/www.real.edu.ee\/ajaveeb\/arh139c\/wp-json\/wp\/v2\/tags?post=845"}],"curies":[{"name":"wp","href":"https:\/\/api.w.org\/{rel}","templated":true}]}}