{"id":81,"date":"2019-03-07T15:09:37","date_gmt":"2019-03-07T13:09:37","guid":{"rendered":"http:\/\/www.real.edu.ee\/ajaveeb\/139c\/?p=81"},"modified":"2019-06-04T23:42:25","modified_gmt":"2019-06-04T20:42:25","slug":"noorte-okoloogide-piltide-naitus","status":"publish","type":"post","link":"https:\/\/www.real.edu.ee\/ajaveeb\/arh139c\/2019\/03\/07\/noorte-okoloogide-piltide-naitus\/","title":{"rendered":"Noorte \u00f6koloogide piltide n\u00e4itus"},"content":{"rendered":"<div id=\"m-7326146197138161805\" class=\"mail-message expanded\">\n<div class=\"mail-message-content collapsible zoom-normal mail-show-images \">\n<div class=\"clear\">\n<p style=\"text-align: center\"><span style=\"font-family: georgia, palatino, serif;font-size: 12pt\">Teisel korrusel aula juures pandi v\u00e4lja \u00f6koloogia talvefotode n\u00e4itus. Fotogaleriis olid esindatud meie klassi \u00f5pilastest oma fotodega Tobias Palm, Siim Ilison, Olena Predko, Oliver Ney, Michelle \u0160usta, Kirke Koni ja Liisa Pata.<\/span><\/p>\n<p><strong><span style=\"font-family: arial, helvetica, sans-serif;font-size: 10pt\">Tobias P.<\/span><\/strong><\/p>\n<\/div>\n<\/div>\n<div>\n<div id=\"attachment_86\" style=\"width: 510px\" class=\"wp-caption aligncenter\"><img loading=\"lazy\" decoding=\"async\" aria-describedby=\"caption-attachment-86\" class=\"wp-image-86\" src=\"http:\/\/www.real.edu.ee\/ajaveeb\/139c\/files\/2019\/03\/received_254170442185867-1024x768.jpeg\" alt=\"\" width=\"500\" height=\"375\" srcset=\"https:\/\/www.real.edu.ee\/ajaveeb\/arh139c\/files\/2019\/03\/received_254170442185867-1024x768.jpeg 1024w, https:\/\/www.real.edu.ee\/ajaveeb\/arh139c\/files\/2019\/03\/received_254170442185867-300x225.jpeg 300w, https:\/\/www.real.edu.ee\/ajaveeb\/arh139c\/files\/2019\/03\/received_254170442185867-768x576.jpeg 768w\" sizes=\"auto, (max-width: 500px) 100vw, 500px\" \/><p id=\"caption-attachment-86\" class=\"wp-caption-text\">\u00d6koloogide pildid<\/p><\/div>\n<\/div>\n<\/div>\n","protected":false},"excerpt":{"rendered":"<p>Teisel korrusel aula juures pandi v\u00e4lja \u00f6koloogia talvefotode n\u00e4itus. Fotogaleriis olid esindatud meie klassi \u00f5pilastest oma fotodega Tobias Palm, Siim Ilison, Olena Predko, Oliver Ney, Michelle \u0160usta, Kirke Koni ja Liisa Pata. Tobias P.<\/p>\n","protected":false},"author":160,"featured_media":0,"comment_status":"closed","ping_status":"open","sticky":false,"template":"","format":"standard","meta":{"footnotes":""},"categories":[1],"tags":[],"class_list":["post-81","post","type-post","status-publish","format-standard","hentry","category-maaratlemata"],"_links":{"self":[{"href":"https:\/\/www.real.edu.ee\/ajaveeb\/arh139c\/wp-json\/wp\/v2\/posts\/81","targetHints":{"allow":["GET"]}}],"collection":[{"href":"https:\/\/www.real.edu.ee\/ajaveeb\/arh139c\/wp-json\/wp\/v2\/posts"}],"about":[{"href":"https:\/\/www.real.edu.ee\/ajaveeb\/arh139c\/wp-json\/wp\/v2\/types\/post"}],"author":[{"embeddable":true,"href":"https:\/\/www.real.edu.ee\/ajaveeb\/arh139c\/wp-json\/wp\/v2\/users\/160"}],"replies":[{"embeddable":true,"href":"https:\/\/www.real.edu.ee\/ajaveeb\/arh139c\/wp-json\/wp\/v2\/comments?post=81"}],"version-history":[{"count":10,"href":"https:\/\/www.real.edu.ee\/ajaveeb\/arh139c\/wp-json\/wp\/v2\/posts\/81\/revisions"}],"predecessor-version":[{"id":214,"href":"https:\/\/www.real.edu.ee\/ajaveeb\/arh139c\/wp-json\/wp\/v2\/posts\/81\/revisions\/214"}],"wp:attachment":[{"href":"https:\/\/www.real.edu.ee\/ajaveeb\/arh139c\/wp-json\/wp\/v2\/media?parent=81"}],"wp:term":[{"taxonomy":"category","embeddable":true,"href":"https:\/\/www.real.edu.ee\/ajaveeb\/arh139c\/wp-json\/wp\/v2\/categories?post=81"},{"taxonomy":"post_tag","embeddable":true,"href":"https:\/\/www.real.edu.ee\/ajaveeb\/arh139c\/wp-json\/wp\/v2\/tags?post=81"}],"curies":[{"name":"wp","href":"https:\/\/api.w.org\/{rel}","templated":true}]}}