{"id":788,"date":"2021-05-04T17:58:13","date_gmt":"2021-05-04T14:58:13","guid":{"rendered":"https:\/\/www.real.edu.ee\/ajaveeb\/139c\/?p=788"},"modified":"2021-05-04T17:58:13","modified_gmt":"2021-05-04T14:58:13","slug":"paev-botaanikaaias%f0%9f%8c%b1","status":"publish","type":"post","link":"https:\/\/www.real.edu.ee\/ajaveeb\/arh139c\/2021\/05\/04\/paev-botaanikaaias%f0%9f%8c%b1\/","title":{"rendered":"P\u00e4ev botaanikaaias\ud83c\udf31"},"content":{"rendered":"<p style=\"text-align: left\">Sel teisip\u00e4eval kogunesime klassiruumi asemel hoopis Tallinna Botaanikaaia ees. Ning erinevalt Karu ennustatust oli ilm \u00f5nneks m\u00f5nusalt soe ja p\u00e4ikseline! Jagunesime kohe kaheks grupiks ja algasidki meie tegevused. Programmis &#8220;Muld&#8221; suundusime kaevikusse, kus v\u00f5isime kohe n\u00e4ha erinevaid mullahorisonte. Tuvusime erinevate kihtidega, m\u00e4\u00e4rasime mulla pH, tegime kindlaks mullat\u00fc\u00fcbi ja veel palju muud. L\u00e4bisime ka programmi &#8220;Parasv\u00f6\u00f6tmetaimed&#8221;, kus liikusime m\u00f6\u00f6da metsa ja tutvusime erinevate okaspuuliikidega, millest hiljem ka oma \u00f5ppevahendi valmistasime! Kahe programmi vahel saime ka kogu klassiga kokku ning l\u00f5unatasime k\u00f5iksugu hea ja paremaga, mis kaasa sai v\u00f5etud. Loodetavasti said k\u00f5ik teada midagi uut ja p\u00f5nevat, millest ka neljap\u00e4evases geograafia t\u00f6\u00f6s abi on!!<\/p>\n<p><span style=\"font-size: 8pt\"><strong>Ketlin<\/strong><\/span><\/p>\n<p style=\"text-align: left\"><img loading=\"lazy\" decoding=\"async\" class=\" wp-image-789 aligncenter\" src=\"http:\/\/www.real.edu.ee\/ajaveeb\/139c\/files\/2021\/05\/panoram-300x95.jpg\" alt=\"\" width=\"487\" height=\"154\" srcset=\"https:\/\/www.real.edu.ee\/ajaveeb\/arh139c\/files\/2021\/05\/panoram-300x95.jpg 300w, https:\/\/www.real.edu.ee\/ajaveeb\/arh139c\/files\/2021\/05\/panoram-1024x326.jpg 1024w, https:\/\/www.real.edu.ee\/ajaveeb\/arh139c\/files\/2021\/05\/panoram-768x244.jpg 768w, https:\/\/www.real.edu.ee\/ajaveeb\/arh139c\/files\/2021\/05\/panoram-1536x488.jpg 1536w, https:\/\/www.real.edu.ee\/ajaveeb\/arh139c\/files\/2021\/05\/panoram-2048x651.jpg 2048w\" sizes=\"auto, (max-width: 487px) 100vw, 487px\" \/><\/p>\n<div id=\"attachment_797\" style=\"width: 247px\" class=\"wp-caption alignleft\"><img loading=\"lazy\" decoding=\"async\" aria-describedby=\"caption-attachment-797\" class=\"wp-image-797 \" src=\"http:\/\/www.real.edu.ee\/ajaveeb\/139c\/files\/2021\/05\/IMG_20210504_130637-300x225.jpg\" alt=\"\" width=\"237\" height=\"178\" srcset=\"https:\/\/www.real.edu.ee\/ajaveeb\/arh139c\/files\/2021\/05\/IMG_20210504_130637-300x225.jpg 300w, https:\/\/www.real.edu.ee\/ajaveeb\/arh139c\/files\/2021\/05\/IMG_20210504_130637-1024x768.jpg 1024w, https:\/\/www.real.edu.ee\/ajaveeb\/arh139c\/files\/2021\/05\/IMG_20210504_130637-768x576.jpg 768w, https:\/\/www.real.edu.ee\/ajaveeb\/arh139c\/files\/2021\/05\/IMG_20210504_130637-1536x1152.jpg 1536w, https:\/\/www.real.edu.ee\/ajaveeb\/arh139c\/files\/2021\/05\/IMG_20210504_130637-2048x1536.jpg 2048w\" sizes=\"auto, (max-width: 237px) 100vw, 237px\" \/><p id=\"caption-attachment-797\" class=\"wp-caption-text\">Kirke kaevikus<\/p><\/div>\n<div id=\"attachment_798\" style=\"width: 248px\" class=\"wp-caption alignleft\"><img loading=\"lazy\" decoding=\"async\" aria-describedby=\"caption-attachment-798\" class=\" wp-image-798\" src=\"http:\/\/www.real.edu.ee\/ajaveeb\/139c\/files\/2021\/05\/181595404_371425757563219_3209849276079931744_n-300x225.jpg\" alt=\"\" width=\"238\" height=\"179\" srcset=\"https:\/\/www.real.edu.ee\/ajaveeb\/arh139c\/files\/2021\/05\/181595404_371425757563219_3209849276079931744_n-300x225.jpg 300w, https:\/\/www.real.edu.ee\/ajaveeb\/arh139c\/files\/2021\/05\/181595404_371425757563219_3209849276079931744_n-768x576.jpg 768w, https:\/\/www.real.edu.ee\/ajaveeb\/arh139c\/files\/2021\/05\/181595404_371425757563219_3209849276079931744_n.jpg 960w\" sizes=\"auto, (max-width: 238px) 100vw, 238px\" \/><p id=\"caption-attachment-798\" class=\"wp-caption-text\">Viktoria mulla \u00e4ietega<\/p><\/div>\n","protected":false},"excerpt":{"rendered":"<p>Sel teisip\u00e4eval kogunesime klassiruumi asemel hoopis Tallinna Botaanikaaia ees. Ning erinevalt Karu ennustatust oli ilm \u00f5nneks m\u00f5nusalt soe ja p\u00e4ikseline! Jagunesime kohe kaheks grupiks ja algasidki meie tegevused. Programmis &#8220;Muld&#8221; suundusime kaevikusse, kus v\u00f5isime kohe n\u00e4ha erinevaid mullahorisonte. Tuvusime erinevate kihtidega, m\u00e4\u00e4rasime mulla pH, tegime kindlaks mullat\u00fc\u00fcbi ja veel palju muud. L\u00e4bisime ka programmi &#8220;Parasv\u00f6\u00f6tmetaimed&#8221;, [&hellip;]<\/p>\n","protected":false},"author":160,"featured_media":0,"comment_status":"closed","ping_status":"open","sticky":false,"template":"","format":"standard","meta":{"footnotes":""},"categories":[1],"tags":[],"class_list":["post-788","post","type-post","status-publish","format-standard","hentry","category-maaratlemata"],"_links":{"self":[{"href":"https:\/\/www.real.edu.ee\/ajaveeb\/arh139c\/wp-json\/wp\/v2\/posts\/788","targetHints":{"allow":["GET"]}}],"collection":[{"href":"https:\/\/www.real.edu.ee\/ajaveeb\/arh139c\/wp-json\/wp\/v2\/posts"}],"about":[{"href":"https:\/\/www.real.edu.ee\/ajaveeb\/arh139c\/wp-json\/wp\/v2\/types\/post"}],"author":[{"embeddable":true,"href":"https:\/\/www.real.edu.ee\/ajaveeb\/arh139c\/wp-json\/wp\/v2\/users\/160"}],"replies":[{"embeddable":true,"href":"https:\/\/www.real.edu.ee\/ajaveeb\/arh139c\/wp-json\/wp\/v2\/comments?post=788"}],"version-history":[{"count":12,"href":"https:\/\/www.real.edu.ee\/ajaveeb\/arh139c\/wp-json\/wp\/v2\/posts\/788\/revisions"}],"predecessor-version":[{"id":803,"href":"https:\/\/www.real.edu.ee\/ajaveeb\/arh139c\/wp-json\/wp\/v2\/posts\/788\/revisions\/803"}],"wp:attachment":[{"href":"https:\/\/www.real.edu.ee\/ajaveeb\/arh139c\/wp-json\/wp\/v2\/media?parent=788"}],"wp:term":[{"taxonomy":"category","embeddable":true,"href":"https:\/\/www.real.edu.ee\/ajaveeb\/arh139c\/wp-json\/wp\/v2\/categories?post=788"},{"taxonomy":"post_tag","embeddable":true,"href":"https:\/\/www.real.edu.ee\/ajaveeb\/arh139c\/wp-json\/wp\/v2\/tags?post=788"}],"curies":[{"name":"wp","href":"https:\/\/api.w.org\/{rel}","templated":true}]}}