{"id":742,"date":"2021-03-17T15:48:47","date_gmt":"2021-03-17T13:48:47","guid":{"rendered":"https:\/\/www.real.edu.ee\/ajaveeb\/139c\/?p=742"},"modified":"2021-03-17T15:48:47","modified_gmt":"2021-03-17T13:48:47","slug":"eesti-103-sunnipaev","status":"publish","type":"post","link":"https:\/\/www.real.edu.ee\/ajaveeb\/arh139c\/2021\/03\/17\/eesti-103-sunnipaev\/","title":{"rendered":"Eesti 103. s\u00fcnnip\u00e4ev"},"content":{"rendered":"<p>19. veebruaril kogunesime koos g\u00fcmnaasiumi ja meie paralleelidega staadionile. T\u00e4histasime peagi saabuvat Eesti Vabariigi s\u00fcnnip\u00e4eva ja algavat koolivaheaega. Aktusel tunnustati kooli tublisid ol\u00fcmpiaadil osalejaid. Peale selle j\u00f5udsime veel laulda \u00f5pilaste poolt kirjutatud regilaulu ja isegi natuke jalga keerutada. Palju \u00f5nne, Eesti!<\/p>\n<p><strong><span style=\"font-size: 8pt\">Kirke Koni<\/span><\/strong><\/p>\n<div id=\"attachment_743\" style=\"width: 227px\" class=\"wp-caption alignleft\"><img loading=\"lazy\" decoding=\"async\" aria-describedby=\"caption-attachment-743\" class=\"wp-image-743 \" src=\"http:\/\/www.real.edu.ee\/ajaveeb\/139c\/files\/2021\/03\/151500380_344886726707188_8047882791331480476_n-300x225.jpg\" alt=\"\" width=\"217\" height=\"162\" srcset=\"https:\/\/www.real.edu.ee\/ajaveeb\/arh139c\/files\/2021\/03\/151500380_344886726707188_8047882791331480476_n-300x225.jpg 300w, https:\/\/www.real.edu.ee\/ajaveeb\/arh139c\/files\/2021\/03\/151500380_344886726707188_8047882791331480476_n-768x576.jpg 768w, https:\/\/www.real.edu.ee\/ajaveeb\/arh139c\/files\/2021\/03\/151500380_344886726707188_8047882791331480476_n.jpg 960w\" sizes=\"auto, (max-width: 217px) 100vw, 217px\" \/><p id=\"caption-attachment-743\" class=\"wp-caption-text\">Tunnustatud Liisa<\/p><\/div>\n<div id=\"attachment_744\" style=\"width: 258px\" class=\"wp-caption alignleft\"><img loading=\"lazy\" decoding=\"async\" aria-describedby=\"caption-attachment-744\" class=\"wp-image-744 \" src=\"http:\/\/www.real.edu.ee\/ajaveeb\/139c\/files\/2021\/03\/151467200_3971528632878960_4614863937621970473_o-300x200.jpg\" alt=\"\" width=\"248\" height=\"165\" srcset=\"https:\/\/www.real.edu.ee\/ajaveeb\/arh139c\/files\/2021\/03\/151467200_3971528632878960_4614863937621970473_o-300x200.jpg 300w, https:\/\/www.real.edu.ee\/ajaveeb\/arh139c\/files\/2021\/03\/151467200_3971528632878960_4614863937621970473_o-1024x683.jpg 1024w, https:\/\/www.real.edu.ee\/ajaveeb\/arh139c\/files\/2021\/03\/151467200_3971528632878960_4614863937621970473_o-768x512.jpg 768w, https:\/\/www.real.edu.ee\/ajaveeb\/arh139c\/files\/2021\/03\/151467200_3971528632878960_4614863937621970473_o-1536x1024.jpg 1536w, https:\/\/www.real.edu.ee\/ajaveeb\/arh139c\/files\/2021\/03\/151467200_3971528632878960_4614863937621970473_o.jpg 1944w\" sizes=\"auto, (max-width: 248px) 100vw, 248px\" \/><p id=\"caption-attachment-744\" class=\"wp-caption-text\">M\u00fctsid lennus\u00a0 \u00a0 \u00a0 \u00a0 \u00a0 \u00a0 \u00a0 \u00a0 \u00a0 \u00a0<span style=\"font-size: 8pt\">Pilt: Tallinna Reaalkool<\/span><\/p><\/div>\n","protected":false},"excerpt":{"rendered":"<p>19. veebruaril kogunesime koos g\u00fcmnaasiumi ja meie paralleelidega staadionile. T\u00e4histasime peagi saabuvat Eesti Vabariigi s\u00fcnnip\u00e4eva ja algavat koolivaheaega. Aktusel tunnustati kooli tublisid ol\u00fcmpiaadil osalejaid. Peale selle j\u00f5udsime veel laulda \u00f5pilaste poolt kirjutatud regilaulu ja isegi natuke jalga keerutada. Palju \u00f5nne, Eesti! Kirke Koni<\/p>\n","protected":false},"author":160,"featured_media":0,"comment_status":"closed","ping_status":"open","sticky":false,"template":"","format":"standard","meta":{"footnotes":""},"categories":[1],"tags":[],"class_list":["post-742","post","type-post","status-publish","format-standard","hentry","category-maaratlemata"],"_links":{"self":[{"href":"https:\/\/www.real.edu.ee\/ajaveeb\/arh139c\/wp-json\/wp\/v2\/posts\/742","targetHints":{"allow":["GET"]}}],"collection":[{"href":"https:\/\/www.real.edu.ee\/ajaveeb\/arh139c\/wp-json\/wp\/v2\/posts"}],"about":[{"href":"https:\/\/www.real.edu.ee\/ajaveeb\/arh139c\/wp-json\/wp\/v2\/types\/post"}],"author":[{"embeddable":true,"href":"https:\/\/www.real.edu.ee\/ajaveeb\/arh139c\/wp-json\/wp\/v2\/users\/160"}],"replies":[{"embeddable":true,"href":"https:\/\/www.real.edu.ee\/ajaveeb\/arh139c\/wp-json\/wp\/v2\/comments?post=742"}],"version-history":[{"count":24,"href":"https:\/\/www.real.edu.ee\/ajaveeb\/arh139c\/wp-json\/wp\/v2\/posts\/742\/revisions"}],"predecessor-version":[{"id":768,"href":"https:\/\/www.real.edu.ee\/ajaveeb\/arh139c\/wp-json\/wp\/v2\/posts\/742\/revisions\/768"}],"wp:attachment":[{"href":"https:\/\/www.real.edu.ee\/ajaveeb\/arh139c\/wp-json\/wp\/v2\/media?parent=742"}],"wp:term":[{"taxonomy":"category","embeddable":true,"href":"https:\/\/www.real.edu.ee\/ajaveeb\/arh139c\/wp-json\/wp\/v2\/categories?post=742"},{"taxonomy":"post_tag","embeddable":true,"href":"https:\/\/www.real.edu.ee\/ajaveeb\/arh139c\/wp-json\/wp\/v2\/tags?post=742"}],"curies":[{"name":"wp","href":"https:\/\/api.w.org\/{rel}","templated":true}]}}