{"id":701,"date":"2021-02-16T18:18:44","date_gmt":"2021-02-16T16:18:44","guid":{"rendered":"http:\/\/www.real.edu.ee\/ajaveeb\/139c\/?p=701"},"modified":"2021-02-16T18:21:03","modified_gmt":"2021-02-16T16:21:03","slug":"sobrapaev-3","status":"publish","type":"post","link":"https:\/\/www.real.edu.ee\/ajaveeb\/arh139c\/2021\/02\/16\/sobrapaev-3\/","title":{"rendered":"S\u00f5brap\u00e4ev"},"content":{"rendered":"<p>15. veebruaril t\u00e4histasime kogu kooliga s\u00f5brap\u00e4eva. Jagati roose, saime fotoseina taustal pilti teha ja ka v\u00e4ike kohvik oli avatud. Kohvikust sai osta maitsvaid n\u00e4kse ja iga ostuga sai kaasa ka \u00fche vaut\u0161eri. T\u00e4nu samadele vaut\u0161eritele sai meie armas klassi\u00f5de Viktoria nii m\u00f5negi \u00f5ppelajuhatajaga jutule. \u00dchega tegi ta isegi selfi! K\u00f5ige menukam oli aga kirjakast. Meie klassist said nii m\u00f5nedki v\u00e4ikese kaardi v\u00f5i s\u00f5numi kallilt s\u00f5bralt. Veel oli armas m\u00e4rgata, kuidas klassikaaslased omakeskis kinke jagasid. Vastavalt meelolule (ja stiilin\u00e4dalale) olid paljud meist riietatud roosasse v\u00f5i punasesse. Sellel n\u00e4dalal saab ka SA \u00d5pilasmalev 18 aastaseks. T\u00e4htsa p\u00e4eva puhul kogunesime t\u00e4na v\u00e4ikese reaalikatest malevlaste pundiga ja tegime \u00fche vahva kl\u00f5psu.<\/p>\n<p><strong><span style=\"font-size: 8pt\">Kirke Koni<\/span><\/strong><\/p>\n<div id=\"attachment_704\" style=\"width: 482px\" class=\"wp-caption alignnone\"><img loading=\"lazy\" decoding=\"async\" aria-describedby=\"caption-attachment-704\" class=\"wp-image-704 \" src=\"http:\/\/www.real.edu.ee\/ajaveeb\/139c\/files\/2021\/02\/150752040_523576915281244_7303819304674627271_n-e1613491714810-300x176.jpg\" alt=\"\" width=\"472\" height=\"277\" srcset=\"https:\/\/www.real.edu.ee\/ajaveeb\/arh139c\/files\/2021\/02\/150752040_523576915281244_7303819304674627271_n-e1613491714810-300x176.jpg 300w, https:\/\/www.real.edu.ee\/ajaveeb\/arh139c\/files\/2021\/02\/150752040_523576915281244_7303819304674627271_n-e1613491714810-1024x602.jpg 1024w, https:\/\/www.real.edu.ee\/ajaveeb\/arh139c\/files\/2021\/02\/150752040_523576915281244_7303819304674627271_n-e1613491714810-768x451.jpg 768w, https:\/\/www.real.edu.ee\/ajaveeb\/arh139c\/files\/2021\/02\/150752040_523576915281244_7303819304674627271_n-e1613491714810-1536x902.jpg 1536w, https:\/\/www.real.edu.ee\/ajaveeb\/arh139c\/files\/2021\/02\/150752040_523576915281244_7303819304674627271_n-e1613491714810.jpg 2048w\" sizes=\"auto, (max-width: 472px) 100vw, 472px\" \/><p id=\"caption-attachment-704\" class=\"wp-caption-text\">Teemakohaselt riietunud rahvas<\/p><\/div>\n<div id=\"attachment_703\" style=\"width: 227px\" class=\"wp-caption alignleft\"><img loading=\"lazy\" decoding=\"async\" aria-describedby=\"caption-attachment-703\" class=\"wp-image-703 \" src=\"http:\/\/www.real.edu.ee\/ajaveeb\/139c\/files\/2021\/02\/150302645_774758360091287_1785068729384218557_n-300x225.jpg\" alt=\"\" width=\"217\" height=\"163\" srcset=\"https:\/\/www.real.edu.ee\/ajaveeb\/arh139c\/files\/2021\/02\/150302645_774758360091287_1785068729384218557_n-300x225.jpg 300w, https:\/\/www.real.edu.ee\/ajaveeb\/arh139c\/files\/2021\/02\/150302645_774758360091287_1785068729384218557_n-1024x768.jpg 1024w, https:\/\/www.real.edu.ee\/ajaveeb\/arh139c\/files\/2021\/02\/150302645_774758360091287_1785068729384218557_n-768x576.jpg 768w, https:\/\/www.real.edu.ee\/ajaveeb\/arh139c\/files\/2021\/02\/150302645_774758360091287_1785068729384218557_n-1536x1152.jpg 1536w, https:\/\/www.real.edu.ee\/ajaveeb\/arh139c\/files\/2021\/02\/150302645_774758360091287_1785068729384218557_n-2048x1536.jpg 2048w\" sizes=\"auto, (max-width: 217px) 100vw, 217px\" \/><p id=\"caption-attachment-703\" class=\"wp-caption-text\">Viktoria selfi Martin Saarega<\/p><\/div>\n<div id=\"attachment_702\" style=\"width: 252px\" class=\"wp-caption alignleft\"><img loading=\"lazy\" decoding=\"async\" aria-describedby=\"caption-attachment-702\" class=\"wp-image-702 \" src=\"http:\/\/www.real.edu.ee\/ajaveeb\/139c\/files\/2021\/02\/150427654_146312837312449_6805958047889539488_n-e1613491530550-300x198.jpg\" alt=\"\" width=\"242\" height=\"160\" srcset=\"https:\/\/www.real.edu.ee\/ajaveeb\/arh139c\/files\/2021\/02\/150427654_146312837312449_6805958047889539488_n-e1613491530550-300x198.jpg 300w, https:\/\/www.real.edu.ee\/ajaveeb\/arh139c\/files\/2021\/02\/150427654_146312837312449_6805958047889539488_n-e1613491530550-768x507.jpg 768w, https:\/\/www.real.edu.ee\/ajaveeb\/arh139c\/files\/2021\/02\/150427654_146312837312449_6805958047889539488_n-e1613491530550.jpg 920w\" sizes=\"auto, (max-width: 242px) 100vw, 242px\" \/><p id=\"caption-attachment-702\" class=\"wp-caption-text\">Reaali malevlased<\/p><\/div>\n","protected":false},"excerpt":{"rendered":"<p>15. veebruaril t\u00e4histasime kogu kooliga s\u00f5brap\u00e4eva. Jagati roose, saime fotoseina taustal pilti teha ja ka v\u00e4ike kohvik oli avatud. Kohvikust sai osta maitsvaid n\u00e4kse ja iga ostuga sai kaasa ka \u00fche vaut\u0161eri. T\u00e4nu samadele vaut\u0161eritele sai meie armas klassi\u00f5de Viktoria nii m\u00f5negi \u00f5ppelajuhatajaga jutule. \u00dchega tegi ta isegi selfi! K\u00f5ige menukam oli aga kirjakast. Meie [&hellip;]<\/p>\n","protected":false},"author":160,"featured_media":0,"comment_status":"closed","ping_status":"open","sticky":false,"template":"","format":"standard","meta":{"footnotes":""},"categories":[1],"tags":[],"class_list":["post-701","post","type-post","status-publish","format-standard","hentry","category-maaratlemata"],"_links":{"self":[{"href":"https:\/\/www.real.edu.ee\/ajaveeb\/arh139c\/wp-json\/wp\/v2\/posts\/701","targetHints":{"allow":["GET"]}}],"collection":[{"href":"https:\/\/www.real.edu.ee\/ajaveeb\/arh139c\/wp-json\/wp\/v2\/posts"}],"about":[{"href":"https:\/\/www.real.edu.ee\/ajaveeb\/arh139c\/wp-json\/wp\/v2\/types\/post"}],"author":[{"embeddable":true,"href":"https:\/\/www.real.edu.ee\/ajaveeb\/arh139c\/wp-json\/wp\/v2\/users\/160"}],"replies":[{"embeddable":true,"href":"https:\/\/www.real.edu.ee\/ajaveeb\/arh139c\/wp-json\/wp\/v2\/comments?post=701"}],"version-history":[{"count":18,"href":"https:\/\/www.real.edu.ee\/ajaveeb\/arh139c\/wp-json\/wp\/v2\/posts\/701\/revisions"}],"predecessor-version":[{"id":722,"href":"https:\/\/www.real.edu.ee\/ajaveeb\/arh139c\/wp-json\/wp\/v2\/posts\/701\/revisions\/722"}],"wp:attachment":[{"href":"https:\/\/www.real.edu.ee\/ajaveeb\/arh139c\/wp-json\/wp\/v2\/media?parent=701"}],"wp:term":[{"taxonomy":"category","embeddable":true,"href":"https:\/\/www.real.edu.ee\/ajaveeb\/arh139c\/wp-json\/wp\/v2\/categories?post=701"},{"taxonomy":"post_tag","embeddable":true,"href":"https:\/\/www.real.edu.ee\/ajaveeb\/arh139c\/wp-json\/wp\/v2\/tags?post=701"}],"curies":[{"name":"wp","href":"https:\/\/api.w.org\/{rel}","templated":true}]}}