{"id":7,"date":"2018-09-25T15:16:23","date_gmt":"2018-09-25T12:16:23","guid":{"rendered":"http:\/\/www.real.edu.ee\/ajaveeb\/139c\/?p=7"},"modified":"2019-03-13T21:43:59","modified_gmt":"2019-03-13T19:43:59","slug":"1-september","status":"publish","type":"post","link":"https:\/\/www.real.edu.ee\/ajaveeb\/arh139c\/2018\/09\/25\/1-september\/","title":{"rendered":"1. September"},"content":{"rendered":"<p style=\"text-align: center\"><span style=\"font-size: 12pt;font-family: georgia, palatino, serif\">Me k\u00fcll ei kohtunud esimest korda, kuid tundsime vaid v\u00e4heseid. Pudireas m\u00fctside j\u00e4rele minnes olid k\u00f5igi emotsioonid laes. Iga\u00fcks oli \u00f5nnelik, et sai Reaalkooli m\u00fctsi kanda. P\u00e4rast pidulikku tseremooniat algas aktus k\u00f5ikide \u00f5pilaste jaoks ning kuigi see v\u00e4ga kaua ei kestnud, sai palju m\u00f5tteid ja soovitusi \u00f6eldud. N\u00fc\u00fcd saame uhkusega h\u00fc\u00fcda Tallinna Reaalkooli motot:<em>&#8220;\u00dcks k\u00f5ikide, k\u00f5ik \u00fche eest!&#8221;<\/em><\/span><\/p>\n<p><strong><span style=\"font-size: 10pt\">Michelle \u0160.<\/span><\/strong><\/p>\n<div id=\"attachment_8\" style=\"width: 309px\" class=\"wp-caption aligncenter\"><img loading=\"lazy\" decoding=\"async\" aria-describedby=\"caption-attachment-8\" class=\"wp-image-8 \" src=\"http:\/\/www.real.edu.ee\/ajaveeb\/139c\/files\/2018\/10\/received_1723154507796696-300x225.jpeg\" alt=\"\" width=\"299\" height=\"224\" srcset=\"https:\/\/www.real.edu.ee\/ajaveeb\/arh139c\/files\/2018\/10\/received_1723154507796696-300x225.jpeg 300w, https:\/\/www.real.edu.ee\/ajaveeb\/arh139c\/files\/2018\/10\/received_1723154507796696-768x576.jpeg 768w, https:\/\/www.real.edu.ee\/ajaveeb\/arh139c\/files\/2018\/10\/received_1723154507796696-1024x768.jpeg 1024w, https:\/\/www.real.edu.ee\/ajaveeb\/arh139c\/files\/2018\/10\/received_1723154507796696.jpeg 1136w\" sizes=\"auto, (max-width: 299px) 100vw, 299px\" \/><p id=\"caption-attachment-8\" class=\"wp-caption-text\">\u00d5pilased Reaalipoisi juures m\u00fctse saamas.<\/p><\/div>\n<div id=\"attachment_9\" style=\"width: 310px\" class=\"wp-caption aligncenter\"><img loading=\"lazy\" decoding=\"async\" aria-describedby=\"caption-attachment-9\" class=\"size-medium wp-image-9\" src=\"http:\/\/www.real.edu.ee\/ajaveeb\/139c\/files\/2018\/10\/received_328969614580195-300x169.jpeg\" alt=\"\" width=\"300\" height=\"169\" srcset=\"https:\/\/www.real.edu.ee\/ajaveeb\/arh139c\/files\/2018\/10\/received_328969614580195-300x169.jpeg 300w, https:\/\/www.real.edu.ee\/ajaveeb\/arh139c\/files\/2018\/10\/received_328969614580195-768x432.jpeg 768w, https:\/\/www.real.edu.ee\/ajaveeb\/arh139c\/files\/2018\/10\/received_328969614580195-1024x576.jpeg 1024w, https:\/\/www.real.edu.ee\/ajaveeb\/arh139c\/files\/2018\/10\/received_328969614580195.jpeg 1136w\" sizes=\"auto, (max-width: 300px) 100vw, 300px\" \/><p id=\"caption-attachment-9\" class=\"wp-caption-text\">Ametlikult Reaalkooli \u00f5pilased!<\/p><\/div>\n","protected":false},"excerpt":{"rendered":"<p>Me k\u00fcll ei kohtunud esimest korda, kuid tundsime vaid v\u00e4heseid. Pudireas m\u00fctside j\u00e4rele minnes olid k\u00f5igi emotsioonid laes. Iga\u00fcks oli \u00f5nnelik, et sai Reaalkooli m\u00fctsi kanda. P\u00e4rast pidulikku tseremooniat algas aktus k\u00f5ikide \u00f5pilaste jaoks ning kuigi see v\u00e4ga kaua ei kestnud, sai palju m\u00f5tteid ja soovitusi \u00f6eldud. N\u00fc\u00fcd saame uhkusega h\u00fc\u00fcda Tallinna Reaalkooli motot:&#8220;\u00dcks k\u00f5ikide, [&hellip;]<\/p>\n","protected":false},"author":160,"featured_media":0,"comment_status":"closed","ping_status":"open","sticky":false,"template":"","format":"standard","meta":{"footnotes":""},"categories":[1],"tags":[],"class_list":["post-7","post","type-post","status-publish","format-standard","hentry","category-maaratlemata"],"_links":{"self":[{"href":"https:\/\/www.real.edu.ee\/ajaveeb\/arh139c\/wp-json\/wp\/v2\/posts\/7","targetHints":{"allow":["GET"]}}],"collection":[{"href":"https:\/\/www.real.edu.ee\/ajaveeb\/arh139c\/wp-json\/wp\/v2\/posts"}],"about":[{"href":"https:\/\/www.real.edu.ee\/ajaveeb\/arh139c\/wp-json\/wp\/v2\/types\/post"}],"author":[{"embeddable":true,"href":"https:\/\/www.real.edu.ee\/ajaveeb\/arh139c\/wp-json\/wp\/v2\/users\/160"}],"replies":[{"embeddable":true,"href":"https:\/\/www.real.edu.ee\/ajaveeb\/arh139c\/wp-json\/wp\/v2\/comments?post=7"}],"version-history":[{"count":3,"href":"https:\/\/www.real.edu.ee\/ajaveeb\/arh139c\/wp-json\/wp\/v2\/posts\/7\/revisions"}],"predecessor-version":[{"id":12,"href":"https:\/\/www.real.edu.ee\/ajaveeb\/arh139c\/wp-json\/wp\/v2\/posts\/7\/revisions\/12"}],"wp:attachment":[{"href":"https:\/\/www.real.edu.ee\/ajaveeb\/arh139c\/wp-json\/wp\/v2\/media?parent=7"}],"wp:term":[{"taxonomy":"category","embeddable":true,"href":"https:\/\/www.real.edu.ee\/ajaveeb\/arh139c\/wp-json\/wp\/v2\/categories?post=7"},{"taxonomy":"post_tag","embeddable":true,"href":"https:\/\/www.real.edu.ee\/ajaveeb\/arh139c\/wp-json\/wp\/v2\/tags?post=7"}],"curies":[{"name":"wp","href":"https:\/\/api.w.org\/{rel}","templated":true}]}}