{"id":686,"date":"2021-02-16T17:57:12","date_gmt":"2021-02-16T15:57:12","guid":{"rendered":"http:\/\/www.real.edu.ee\/ajaveeb\/139c\/?p=686"},"modified":"2021-02-16T17:57:12","modified_gmt":"2021-02-16T15:57:12","slug":"suusapaev-korvemaal","status":"publish","type":"post","link":"https:\/\/www.real.edu.ee\/ajaveeb\/arh139c\/2021\/02\/16\/suusapaev-korvemaal\/","title":{"rendered":"Suusap\u00e4ev K\u00f5rvemaal"},"content":{"rendered":"<p>Erinevalt eelmisest aastast, saime seekord siiski osaleda klassiga suusap\u00e4eval, t\u00e4psemalt k\u00e4isime K\u00f5rvemaal. Nii istusimegi kell \u00fcheksa bussile ja tunni p\u00e4rast olime juba suusarajal. P\u00e4rast v\u00e4ikest soojendust toimus klassidevaheline teatev\u00f5istlus, kus iga klassi kuuene v\u00f5istkond pidi \u00fckshaaval 800 m l\u00e4bima. Meie klassi esindasid Oskar, Tobias, Karl Markus, Liisa, Ketlin ja Karoliina. Ajaks saime 16 minutit ja saavutasime lennu 2. koha. P\u00e4rast v\u00f5istlust sai veel suusatada v\u00f5i ka tuubiga m\u00e4est alla lasta, mis osutus paljude eelistuseks. Siis vajusime k\u00f5ik tasapisi telgi alla, j\u00f5ime sooja teed ja s\u00f5ime k\u00f5hud t\u00e4is. Kui sai veel veidi muljeid jagatud suundusimegi bussi ja tagasiteele. K\u00fclmetamist oli k\u00fcll ilmatuma palju, aga see-eest said k\u00f5ik liikuda ja \u00f5ppida v\u00e4hemalt veidikenegi rohkem suusatama!<\/p>\n<p><strong><span style=\"font-size: 8pt\">Ketlin<\/span><\/strong><\/p>\n<div id=\"attachment_691\" style=\"width: 136px\" class=\"wp-caption alignleft\"><img loading=\"lazy\" decoding=\"async\" aria-describedby=\"caption-attachment-691\" class=\"wp-image-691\" src=\"http:\/\/www.real.edu.ee\/ajaveeb\/139c\/files\/2021\/02\/144959570_256108015922525_2758332303091647064_n-225x300.jpg\" alt=\"\" width=\"126\" height=\"168\" srcset=\"https:\/\/www.real.edu.ee\/ajaveeb\/arh139c\/files\/2021\/02\/144959570_256108015922525_2758332303091647064_n-225x300.jpg 225w, https:\/\/www.real.edu.ee\/ajaveeb\/arh139c\/files\/2021\/02\/144959570_256108015922525_2758332303091647064_n-768x1024.jpg 768w, https:\/\/www.real.edu.ee\/ajaveeb\/arh139c\/files\/2021\/02\/144959570_256108015922525_2758332303091647064_n-1152x1536.jpg 1152w, https:\/\/www.real.edu.ee\/ajaveeb\/arh139c\/files\/2021\/02\/144959570_256108015922525_2758332303091647064_n.jpg 1536w\" sizes=\"auto, (max-width: 126px) 100vw, 126px\" \/><p id=\"caption-attachment-691\" class=\"wp-caption-text\">Joosep olemas Joosep<\/p><\/div>\n<div id=\"attachment_690\" style=\"width: 223px\" class=\"wp-caption alignleft\"><img loading=\"lazy\" decoding=\"async\" aria-describedby=\"caption-attachment-690\" class=\"wp-image-690\" src=\"http:\/\/www.real.edu.ee\/ajaveeb\/139c\/files\/2021\/02\/klassipilt-300x237.jpg\" alt=\"\" width=\"213\" height=\"169\" srcset=\"https:\/\/www.real.edu.ee\/ajaveeb\/arh139c\/files\/2021\/02\/klassipilt-300x237.jpg 300w, https:\/\/www.real.edu.ee\/ajaveeb\/arh139c\/files\/2021\/02\/klassipilt-1024x810.jpg 1024w, https:\/\/www.real.edu.ee\/ajaveeb\/arh139c\/files\/2021\/02\/klassipilt-768x608.jpg 768w, https:\/\/www.real.edu.ee\/ajaveeb\/arh139c\/files\/2021\/02\/klassipilt-1536x1216.jpg 1536w, https:\/\/www.real.edu.ee\/ajaveeb\/arh139c\/files\/2021\/02\/klassipilt-2048x1621.jpg 2048w\" sizes=\"auto, (max-width: 213px) 100vw, 213px\" \/><p id=\"caption-attachment-690\" class=\"wp-caption-text\">Vastumeelne klassipilt<\/p><\/div>\n<div id=\"attachment_689\" style=\"width: 135px\" class=\"wp-caption alignleft\"><img loading=\"lazy\" decoding=\"async\" aria-describedby=\"caption-attachment-689\" class=\"wp-image-689 \" src=\"http:\/\/www.real.edu.ee\/ajaveeb\/139c\/files\/2021\/02\/tuubid-e1613490842818-222x300.jpg\" alt=\"\" width=\"125\" height=\"169\" srcset=\"https:\/\/www.real.edu.ee\/ajaveeb\/arh139c\/files\/2021\/02\/tuubid-e1613490842818-222x300.jpg 222w, https:\/\/www.real.edu.ee\/ajaveeb\/arh139c\/files\/2021\/02\/tuubid-e1613490842818.jpg 531w\" sizes=\"auto, (max-width: 125px) 100vw, 125px\" \/><p id=\"caption-attachment-689\" class=\"wp-caption-text\">Tagasi \u00fcles&#8230;<\/p><\/div>\n","protected":false},"excerpt":{"rendered":"<p>Erinevalt eelmisest aastast, saime seekord siiski osaleda klassiga suusap\u00e4eval, t\u00e4psemalt k\u00e4isime K\u00f5rvemaal. Nii istusimegi kell \u00fcheksa bussile ja tunni p\u00e4rast olime juba suusarajal. P\u00e4rast v\u00e4ikest soojendust toimus klassidevaheline teatev\u00f5istlus, kus iga klassi kuuene v\u00f5istkond pidi \u00fckshaaval 800 m l\u00e4bima. Meie klassi esindasid Oskar, Tobias, Karl Markus, Liisa, Ketlin ja Karoliina. Ajaks saime 16 minutit ja [&hellip;]<\/p>\n","protected":false},"author":160,"featured_media":0,"comment_status":"closed","ping_status":"open","sticky":false,"template":"","format":"standard","meta":{"footnotes":""},"categories":[1],"tags":[],"class_list":["post-686","post","type-post","status-publish","format-standard","hentry","category-maaratlemata"],"_links":{"self":[{"href":"https:\/\/www.real.edu.ee\/ajaveeb\/arh139c\/wp-json\/wp\/v2\/posts\/686","targetHints":{"allow":["GET"]}}],"collection":[{"href":"https:\/\/www.real.edu.ee\/ajaveeb\/arh139c\/wp-json\/wp\/v2\/posts"}],"about":[{"href":"https:\/\/www.real.edu.ee\/ajaveeb\/arh139c\/wp-json\/wp\/v2\/types\/post"}],"author":[{"embeddable":true,"href":"https:\/\/www.real.edu.ee\/ajaveeb\/arh139c\/wp-json\/wp\/v2\/users\/160"}],"replies":[{"embeddable":true,"href":"https:\/\/www.real.edu.ee\/ajaveeb\/arh139c\/wp-json\/wp\/v2\/comments?post=686"}],"version-history":[{"count":9,"href":"https:\/\/www.real.edu.ee\/ajaveeb\/arh139c\/wp-json\/wp\/v2\/posts\/686\/revisions"}],"predecessor-version":[{"id":700,"href":"https:\/\/www.real.edu.ee\/ajaveeb\/arh139c\/wp-json\/wp\/v2\/posts\/686\/revisions\/700"}],"wp:attachment":[{"href":"https:\/\/www.real.edu.ee\/ajaveeb\/arh139c\/wp-json\/wp\/v2\/media?parent=686"}],"wp:term":[{"taxonomy":"category","embeddable":true,"href":"https:\/\/www.real.edu.ee\/ajaveeb\/arh139c\/wp-json\/wp\/v2\/categories?post=686"},{"taxonomy":"post_tag","embeddable":true,"href":"https:\/\/www.real.edu.ee\/ajaveeb\/arh139c\/wp-json\/wp\/v2\/tags?post=686"}],"curies":[{"name":"wp","href":"https:\/\/api.w.org\/{rel}","templated":true}]}}