{"id":59,"date":"2018-10-21T21:54:56","date_gmt":"2018-10-21T18:54:56","guid":{"rendered":"http:\/\/www.real.edu.ee\/ajaveeb\/139c\/?p=59"},"modified":"2019-03-13T21:46:41","modified_gmt":"2019-03-13T19:46:41","slug":"vene-keele-festival","status":"publish","type":"post","link":"https:\/\/www.real.edu.ee\/ajaveeb\/arh139c\/2018\/10\/21\/vene-keele-festival\/","title":{"rendered":"Vene keele festival"},"content":{"rendered":"<p style=\"text-align: center\"><span style=\"font-family: georgia, palatino, serif;font-size: 12pt\">18. oktoobril toimus Tallinna Kesklinna Vene G\u00fcmnaasiumis vene keele festival ja teemaks oli &#8220;\u00dche vene kooli ajalugu Eestis &#8220;. Alguses anti s\u00f5na Vene F\u00f6deratsiooni saadikule. Selle festivali raames esines nii palju noori lapsi kui ka t\u00e4iskasvanuid. Mulle meeldis k\u00f5ige rohkem, kuidas esinesid Balletikooli \u00f5pilased, aga k\u00f5ik see oli alles algus. Peale esinemist l\u00e4ks iga\u00fcks t\u00f6\u00f6tuppa midagi meisterdama v\u00f5i joonistama. Mina l\u00e4ksin k\u00f6\u00f6ki ja tegin pirukaid, Minna-Lydia tegi Veneetsia maski ja Michelle tegi futuristliku portree. Vene festival l\u00f5ppes tee joomise ja pirukate s\u00f6\u00f6misega.<\/span><\/p>\n<p><strong><span style=\"font-family: arial, helvetica, sans-serif\">Olena P.<\/span><\/strong><\/p>\n<p><img loading=\"lazy\" decoding=\"async\" class=\"aligncenter size-medium wp-image-63\" src=\"http:\/\/www.real.edu.ee\/ajaveeb\/139c\/files\/2018\/10\/IMG_20181018_150718-300x225.jpg\" alt=\"\" width=\"300\" height=\"225\" srcset=\"https:\/\/www.real.edu.ee\/ajaveeb\/arh139c\/files\/2018\/10\/IMG_20181018_150718-300x225.jpg 300w, https:\/\/www.real.edu.ee\/ajaveeb\/arh139c\/files\/2018\/10\/IMG_20181018_150718-768x576.jpg 768w, https:\/\/www.real.edu.ee\/ajaveeb\/arh139c\/files\/2018\/10\/IMG_20181018_150718-1024x768.jpg 1024w\" sizes=\"auto, (max-width: 300px) 100vw, 300px\" \/><img loading=\"lazy\" decoding=\"async\" class=\"aligncenter size-medium wp-image-62\" src=\"http:\/\/www.real.edu.ee\/ajaveeb\/139c\/files\/2018\/10\/received_330152814208846-225x300.jpeg\" alt=\"\" width=\"225\" height=\"300\" srcset=\"https:\/\/www.real.edu.ee\/ajaveeb\/arh139c\/files\/2018\/10\/received_330152814208846-225x300.jpeg 225w, https:\/\/www.real.edu.ee\/ajaveeb\/arh139c\/files\/2018\/10\/received_330152814208846-768x1024.jpeg 768w, https:\/\/www.real.edu.ee\/ajaveeb\/arh139c\/files\/2018\/10\/received_330152814208846.jpeg 1536w\" sizes=\"auto, (max-width: 225px) 100vw, 225px\" \/><\/p>\n<div id=\"attachment_61\" style=\"width: 235px\" class=\"wp-caption aligncenter\"><img loading=\"lazy\" decoding=\"async\" aria-describedby=\"caption-attachment-61\" class=\"size-medium wp-image-61\" src=\"http:\/\/www.real.edu.ee\/ajaveeb\/139c\/files\/2018\/10\/received_1135880803237160-225x300.jpeg\" alt=\"\" width=\"225\" height=\"300\" srcset=\"https:\/\/www.real.edu.ee\/ajaveeb\/arh139c\/files\/2018\/10\/received_1135880803237160-225x300.jpeg 225w, https:\/\/www.real.edu.ee\/ajaveeb\/arh139c\/files\/2018\/10\/received_1135880803237160-768x1024.jpeg 768w, https:\/\/www.real.edu.ee\/ajaveeb\/arh139c\/files\/2018\/10\/received_1135880803237160.jpeg 1536w\" sizes=\"auto, (max-width: 225px) 100vw, 225px\" \/><p id=\"caption-attachment-61\" class=\"wp-caption-text\">Tallinn Balletikooli \u00f5pilased<\/p><\/div>\n<div id=\"attachment_60\" style=\"width: 232px\" class=\"wp-caption aligncenter\"><img loading=\"lazy\" decoding=\"async\" aria-describedby=\"caption-attachment-60\" class=\"size-medium wp-image-60\" src=\"http:\/\/www.real.edu.ee\/ajaveeb\/139c\/files\/2018\/10\/received_697199553997752-222x300.jpeg\" alt=\"\" width=\"222\" height=\"300\" srcset=\"https:\/\/www.real.edu.ee\/ajaveeb\/arh139c\/files\/2018\/10\/received_697199553997752-222x300.jpeg 222w, https:\/\/www.real.edu.ee\/ajaveeb\/arh139c\/files\/2018\/10\/received_697199553997752-768x1040.jpeg 768w, https:\/\/www.real.edu.ee\/ajaveeb\/arh139c\/files\/2018\/10\/received_697199553997752-757x1024.jpeg 757w, https:\/\/www.real.edu.ee\/ajaveeb\/arh139c\/files\/2018\/10\/received_697199553997752.jpeg 1513w\" sizes=\"auto, (max-width: 222px) 100vw, 222px\" \/><p id=\"caption-attachment-60\" class=\"wp-caption-text\">K\u00f5ik Reaalkooli laste poolt tehtud asjad.<\/p><\/div>\n","protected":false},"excerpt":{"rendered":"<p>18. oktoobril toimus Tallinna Kesklinna Vene G\u00fcmnaasiumis vene keele festival ja teemaks oli &#8220;\u00dche vene kooli ajalugu Eestis &#8220;. Alguses anti s\u00f5na Vene F\u00f6deratsiooni saadikule. Selle festivali raames esines nii palju noori lapsi kui ka t\u00e4iskasvanuid. Mulle meeldis k\u00f5ige rohkem, kuidas esinesid Balletikooli \u00f5pilased, aga k\u00f5ik see oli alles algus. Peale esinemist l\u00e4ks iga\u00fcks t\u00f6\u00f6tuppa [&hellip;]<\/p>\n","protected":false},"author":160,"featured_media":0,"comment_status":"closed","ping_status":"open","sticky":false,"template":"","format":"standard","meta":{"footnotes":""},"categories":[1],"tags":[],"class_list":["post-59","post","type-post","status-publish","format-standard","hentry","category-maaratlemata"],"_links":{"self":[{"href":"https:\/\/www.real.edu.ee\/ajaveeb\/arh139c\/wp-json\/wp\/v2\/posts\/59","targetHints":{"allow":["GET"]}}],"collection":[{"href":"https:\/\/www.real.edu.ee\/ajaveeb\/arh139c\/wp-json\/wp\/v2\/posts"}],"about":[{"href":"https:\/\/www.real.edu.ee\/ajaveeb\/arh139c\/wp-json\/wp\/v2\/types\/post"}],"author":[{"embeddable":true,"href":"https:\/\/www.real.edu.ee\/ajaveeb\/arh139c\/wp-json\/wp\/v2\/users\/160"}],"replies":[{"embeddable":true,"href":"https:\/\/www.real.edu.ee\/ajaveeb\/arh139c\/wp-json\/wp\/v2\/comments?post=59"}],"version-history":[{"count":3,"href":"https:\/\/www.real.edu.ee\/ajaveeb\/arh139c\/wp-json\/wp\/v2\/posts\/59\/revisions"}],"predecessor-version":[{"id":70,"href":"https:\/\/www.real.edu.ee\/ajaveeb\/arh139c\/wp-json\/wp\/v2\/posts\/59\/revisions\/70"}],"wp:attachment":[{"href":"https:\/\/www.real.edu.ee\/ajaveeb\/arh139c\/wp-json\/wp\/v2\/media?parent=59"}],"wp:term":[{"taxonomy":"category","embeddable":true,"href":"https:\/\/www.real.edu.ee\/ajaveeb\/arh139c\/wp-json\/wp\/v2\/categories?post=59"},{"taxonomy":"post_tag","embeddable":true,"href":"https:\/\/www.real.edu.ee\/ajaveeb\/arh139c\/wp-json\/wp\/v2\/tags?post=59"}],"curies":[{"name":"wp","href":"https:\/\/api.w.org\/{rel}","templated":true}]}}