{"id":577,"date":"2020-10-20T18:23:35","date_gmt":"2020-10-20T15:23:35","guid":{"rendered":"http:\/\/www.real.edu.ee\/ajaveeb\/139c\/?p=577"},"modified":"2020-10-20T18:23:35","modified_gmt":"2020-10-20T15:23:35","slug":"kooli-sunnipaev-2","status":"publish","type":"post","link":"https:\/\/www.real.edu.ee\/ajaveeb\/arh139c\/2020\/10\/20\/kooli-sunnipaev-2\/","title":{"rendered":"Kooli s\u00fcnnip\u00e4ev"},"content":{"rendered":"<p>Taas t\u00e4histasime 29. septembril meie kooli s\u00fcnnip\u00e4eva piduliku aktuse ja loomulikult ka imemaitsvate kringlitega. Enne aktust k\u00e4isid meile endast ja oma kogemustest Reaaliga r\u00e4\u00e4kimas kaks vilistlast, kes n\u00fc\u00fcd m\u00f5lemad \u00f5pivad Eesti Kunstiakadeemias. Seej\u00e4rel kogunesime staadionile, kuulasime direktori k\u00f5net ja auhinnati tublimaid v\u00f5istlejaid. M\u00fctsid lennus ja k\u00f5ht kringlit t\u00e4is, suundusime tagasi kahte viimasesse tundi.<\/p>\n<p><strong><span style=\"font-size: 8pt\">Ketlin<\/span><\/strong><\/p>\n<p><img loading=\"lazy\" decoding=\"async\" class=\"wp-image-582 aligncenter\" src=\"http:\/\/www.real.edu.ee\/ajaveeb\/139c\/files\/2020\/10\/sunna-300x198.jpg\" alt=\"\" width=\"496\" height=\"328\" srcset=\"https:\/\/www.real.edu.ee\/ajaveeb\/arh139c\/files\/2020\/10\/sunna-300x198.jpg 300w, https:\/\/www.real.edu.ee\/ajaveeb\/arh139c\/files\/2020\/10\/sunna-1024x676.jpg 1024w, https:\/\/www.real.edu.ee\/ajaveeb\/arh139c\/files\/2020\/10\/sunna-768x507.jpg 768w, https:\/\/www.real.edu.ee\/ajaveeb\/arh139c\/files\/2020\/10\/sunna-1536x1014.jpg 1536w, https:\/\/www.real.edu.ee\/ajaveeb\/arh139c\/files\/2020\/10\/sunna.jpg 2013w\" sizes=\"auto, (max-width: 496px) 100vw, 496px\" \/><\/p>\n","protected":false},"excerpt":{"rendered":"<p>Taas t\u00e4histasime 29. septembril meie kooli s\u00fcnnip\u00e4eva piduliku aktuse ja loomulikult ka imemaitsvate kringlitega. Enne aktust k\u00e4isid meile endast ja oma kogemustest Reaaliga r\u00e4\u00e4kimas kaks vilistlast, kes n\u00fc\u00fcd m\u00f5lemad \u00f5pivad Eesti Kunstiakadeemias. Seej\u00e4rel kogunesime staadionile, kuulasime direktori k\u00f5net ja auhinnati tublimaid v\u00f5istlejaid. M\u00fctsid lennus ja k\u00f5ht kringlit t\u00e4is, suundusime tagasi kahte viimasesse tundi. Ketlin<\/p>\n","protected":false},"author":160,"featured_media":0,"comment_status":"closed","ping_status":"open","sticky":false,"template":"","format":"standard","meta":{"footnotes":""},"categories":[1],"tags":[],"class_list":["post-577","post","type-post","status-publish","format-standard","hentry","category-maaratlemata"],"_links":{"self":[{"href":"https:\/\/www.real.edu.ee\/ajaveeb\/arh139c\/wp-json\/wp\/v2\/posts\/577","targetHints":{"allow":["GET"]}}],"collection":[{"href":"https:\/\/www.real.edu.ee\/ajaveeb\/arh139c\/wp-json\/wp\/v2\/posts"}],"about":[{"href":"https:\/\/www.real.edu.ee\/ajaveeb\/arh139c\/wp-json\/wp\/v2\/types\/post"}],"author":[{"embeddable":true,"href":"https:\/\/www.real.edu.ee\/ajaveeb\/arh139c\/wp-json\/wp\/v2\/users\/160"}],"replies":[{"embeddable":true,"href":"https:\/\/www.real.edu.ee\/ajaveeb\/arh139c\/wp-json\/wp\/v2\/comments?post=577"}],"version-history":[{"count":6,"href":"https:\/\/www.real.edu.ee\/ajaveeb\/arh139c\/wp-json\/wp\/v2\/posts\/577\/revisions"}],"predecessor-version":[{"id":585,"href":"https:\/\/www.real.edu.ee\/ajaveeb\/arh139c\/wp-json\/wp\/v2\/posts\/577\/revisions\/585"}],"wp:attachment":[{"href":"https:\/\/www.real.edu.ee\/ajaveeb\/arh139c\/wp-json\/wp\/v2\/media?parent=577"}],"wp:term":[{"taxonomy":"category","embeddable":true,"href":"https:\/\/www.real.edu.ee\/ajaveeb\/arh139c\/wp-json\/wp\/v2\/categories?post=577"},{"taxonomy":"post_tag","embeddable":true,"href":"https:\/\/www.real.edu.ee\/ajaveeb\/arh139c\/wp-json\/wp\/v2\/tags?post=577"}],"curies":[{"name":"wp","href":"https:\/\/api.w.org\/{rel}","templated":true}]}}