{"id":530,"date":"2020-09-02T14:31:42","date_gmt":"2020-09-02T11:31:42","guid":{"rendered":"http:\/\/www.real.edu.ee\/ajaveeb\/139c\/?p=530"},"modified":"2020-09-03T20:32:49","modified_gmt":"2020-09-03T17:32:49","slug":"spordipaev-2","status":"publish","type":"post","link":"https:\/\/www.real.edu.ee\/ajaveeb\/arh139c\/2020\/09\/02\/spordipaev-2\/","title":{"rendered":"Spordip\u00e4ev"},"content":{"rendered":"<p>2. september ja juba saimegi spordip\u00e4eva tehtud! \u00d5nneks see aasta oli ilm p\u00e4ikseline ja saime ilma l\u00f6rtsumata joosta. P\u00e4ev algas poistel jalgaplliga, kus saadi 2. koht ning t\u00fcdrukutel korvpallivisetega. Peale seda rivistusime staadionile ja osalesime teatejooksul, kus saime samuti 2. koha. Lisaks sai meie Joosep 8.-9. klasside seas 800 m jooksus parima tulemuse ajaga 2:23. Kui ka k\u00f5ik teised jooksud joostud, saime minna koju ning olla pingutuste \u00fcle uhked!<\/p>\n<p><span style=\"font-size: 8pt\"><strong>Ketlin<\/strong><\/span><\/p>\n<p><img loading=\"lazy\" decoding=\"async\" class=\"wp-image-541 alignleft\" src=\"http:\/\/www.real.edu.ee\/ajaveeb\/139c\/files\/2020\/09\/spordipaev2-300x225.jpg\" alt=\"\" width=\"228\" height=\"172\" srcset=\"https:\/\/www.real.edu.ee\/ajaveeb\/arh139c\/files\/2020\/09\/spordipaev2-300x225.jpg 300w, https:\/\/www.real.edu.ee\/ajaveeb\/arh139c\/files\/2020\/09\/spordipaev2-1024x768.jpg 1024w, https:\/\/www.real.edu.ee\/ajaveeb\/arh139c\/files\/2020\/09\/spordipaev2-768x576.jpg 768w, https:\/\/www.real.edu.ee\/ajaveeb\/arh139c\/files\/2020\/09\/spordipaev2-1536x1152.jpg 1536w, https:\/\/www.real.edu.ee\/ajaveeb\/arh139c\/files\/2020\/09\/spordipaev2-2048x1536.jpg 2048w\" sizes=\"auto, (max-width: 228px) 100vw, 228px\" \/><img loading=\"lazy\" decoding=\"async\" class=\"wp-image-542 alignleft\" src=\"http:\/\/www.real.edu.ee\/ajaveeb\/139c\/files\/2020\/09\/118700053_1170779469981826_4057369290614171586_n-300x225.jpg\" alt=\"\" width=\"232\" height=\"174\" srcset=\"https:\/\/www.real.edu.ee\/ajaveeb\/arh139c\/files\/2020\/09\/118700053_1170779469981826_4057369290614171586_n-300x225.jpg 300w, https:\/\/www.real.edu.ee\/ajaveeb\/arh139c\/files\/2020\/09\/118700053_1170779469981826_4057369290614171586_n.jpg 768w\" sizes=\"auto, (max-width: 232px) 100vw, 232px\" \/><\/p>\n","protected":false},"excerpt":{"rendered":"<p>2. september ja juba saimegi spordip\u00e4eva tehtud! \u00d5nneks see aasta oli ilm p\u00e4ikseline ja saime ilma l\u00f6rtsumata joosta. P\u00e4ev algas poistel jalgaplliga, kus saadi 2. koht ning t\u00fcdrukutel korvpallivisetega. Peale seda rivistusime staadionile ja osalesime teatejooksul, kus saime samuti 2. koha. Lisaks sai meie Joosep 8.-9. klasside seas 800 m jooksus parima tulemuse ajaga 2:23. [&hellip;]<\/p>\n","protected":false},"author":160,"featured_media":0,"comment_status":"closed","ping_status":"open","sticky":false,"template":"","format":"standard","meta":{"footnotes":""},"categories":[1],"tags":[],"class_list":["post-530","post","type-post","status-publish","format-standard","hentry","category-maaratlemata"],"_links":{"self":[{"href":"https:\/\/www.real.edu.ee\/ajaveeb\/arh139c\/wp-json\/wp\/v2\/posts\/530","targetHints":{"allow":["GET"]}}],"collection":[{"href":"https:\/\/www.real.edu.ee\/ajaveeb\/arh139c\/wp-json\/wp\/v2\/posts"}],"about":[{"href":"https:\/\/www.real.edu.ee\/ajaveeb\/arh139c\/wp-json\/wp\/v2\/types\/post"}],"author":[{"embeddable":true,"href":"https:\/\/www.real.edu.ee\/ajaveeb\/arh139c\/wp-json\/wp\/v2\/users\/160"}],"replies":[{"embeddable":true,"href":"https:\/\/www.real.edu.ee\/ajaveeb\/arh139c\/wp-json\/wp\/v2\/comments?post=530"}],"version-history":[{"count":10,"href":"https:\/\/www.real.edu.ee\/ajaveeb\/arh139c\/wp-json\/wp\/v2\/posts\/530\/revisions"}],"predecessor-version":[{"id":545,"href":"https:\/\/www.real.edu.ee\/ajaveeb\/arh139c\/wp-json\/wp\/v2\/posts\/530\/revisions\/545"}],"wp:attachment":[{"href":"https:\/\/www.real.edu.ee\/ajaveeb\/arh139c\/wp-json\/wp\/v2\/media?parent=530"}],"wp:term":[{"taxonomy":"category","embeddable":true,"href":"https:\/\/www.real.edu.ee\/ajaveeb\/arh139c\/wp-json\/wp\/v2\/categories?post=530"},{"taxonomy":"post_tag","embeddable":true,"href":"https:\/\/www.real.edu.ee\/ajaveeb\/arh139c\/wp-json\/wp\/v2\/tags?post=530"}],"curies":[{"name":"wp","href":"https:\/\/api.w.org\/{rel}","templated":true}]}}