{"id":479,"date":"2020-06-09T11:49:20","date_gmt":"2020-06-09T08:49:20","guid":{"rendered":"http:\/\/www.real.edu.ee\/ajaveeb\/139c\/?p=479"},"modified":"2020-06-09T11:53:38","modified_gmt":"2020-06-09T08:53:38","slug":"kooliaasta-lopetamine","status":"publish","type":"post","link":"https:\/\/www.real.edu.ee\/ajaveeb\/arh139c\/2020\/06\/09\/kooliaasta-lopetamine\/","title":{"rendered":"Kooliaasta l\u00f5petamine"},"content":{"rendered":"<p><span style=\"font-weight: 400\">Kuigi see aasta terve kooliperega kooli l\u00f5ppu t\u00e4histada ei saanud, saime v\u00e4hemalt aktust l\u00e4bi otse\u00fclekande j\u00e4lgida. Niisiis istusime k\u00f5ik<img loading=\"lazy\" decoding=\"async\" class=\" wp-image-480 alignright\" src=\"http:\/\/www.real.edu.ee\/ajaveeb\/139c\/files\/2020\/06\/l\u00f5pp-300x200.jpg\" alt=\"\" width=\"235\" height=\"157\" srcset=\"https:\/\/www.real.edu.ee\/ajaveeb\/arh139c\/files\/2020\/06\/l\u00f5pp-300x200.jpg 300w, https:\/\/www.real.edu.ee\/ajaveeb\/arh139c\/files\/2020\/06\/l\u00f5pp.jpg 600w\" sizes=\"auto, (max-width: 235px) 100vw, 235px\" \/> kodus, Reaali m\u00fctsid peas, ja elasime kaasa. Meie klassis oli ka see aasta palju tublisid sportlasi ja ol\u00fcmpiaadilisi ning kiituskirjaga l\u00f5petasid Tobias, Georg ja Ulla. Hea t\u00f6\u00f6!<\/span><\/p>\n<p><span style=\"font-weight: 400\">Et aasta v\u00f5imalikult r\u00f5\u00f5msalt l\u00f5petada, palusime igal klassikaaslasel teha anon\u00fc\u00fcmse komplimendi kahele inimesele. Siin saab n\u00e4ha, mida iga\u00fche kohta \u00f6eldi!<\/span><\/p>\n<p><span style=\"font-size: 8pt\"><strong>Klassijuhataja Sinjukina<\/strong><span style=\"font-weight: 400\"> &#8211; Alati v\u00e4ga positiivne ja h\u00e4sti motiveeriv. Organiseerite klassi\u00fcritusi h\u00e4sti!<\/span><\/span><\/p>\n<p><span style=\"font-size: 8pt\"><strong>Hedvig<\/strong><span style=\"font-weight: 400\"> &#8211; Tore, sportlik ja s\u00f5bralik. Sa oskad v\u00e4ga h\u00e4sti maasikaid l\u00f5igata!<\/span><\/span><\/p>\n<p><span style=\"font-size: 8pt\"><strong>Siim<\/strong><span style=\"font-weight: 400\"> &#8211; Pehme ja tark. Sul on lahe nimi &#8211; Super Siim!<\/span><\/span><\/p>\n<p><span style=\"font-size: 8pt\"><strong>Georg<\/strong><span style=\"font-weight: 400\"> &#8211; Korralik ja hea arvutites. Olgu sul s\u00fcgisel kena tarkuste saak!<\/span><\/span><\/p>\n<p><span style=\"font-size: 8pt\"><strong>Olena <\/strong><span style=\"font-weight: 400\">&#8211; V\u00e4ga aktiivne, hea suhtleja ja huvitav inimene. Imetlen su laulmist aktusel!<\/span><\/span><\/p>\n<p><span style=\"font-size: 8pt\"><strong>Kirke Koni<\/strong><span style=\"font-weight: 400\"> &#8211; V\u00e4ga ettev\u00f5tlik. Ilus soeng!<\/span><\/span><\/p>\n<p><span style=\"font-size: 8pt\"><strong>Marta<\/strong><span style=\"font-weight: 400\"> &#8211; Nunnud kampsunid. Sa oled meie Rapunzel, v\u00e4ga ilusad juuksed!<\/span><\/span><\/p>\n<p><span style=\"font-size: 8pt\"><strong>Tennokese<\/strong><span style=\"font-weight: 400\"> &#8211; V\u00e4ga jutukas. V\u00e4ga abivalmis, rahulik ja m\u00f5istlik &#8211;\u00a0 tore klassikaaslane!<\/span><\/span><\/p>\n<p><span style=\"font-size: 8pt\"><strong>Frederik<\/strong><span style=\"font-weight: 400\"> &#8211; V\u00e4ga abivalmis ja s\u00f5bralik. Oled meie klassi naerupall!<\/span><\/span><\/p>\n<p><span style=\"font-size: 8pt\"><strong>Anete<\/strong><span style=\"font-weight: 400\"> &#8211; Tore isiksus, v\u00e4ga meeldiv inimene. V\u00e4ga entusiastlik, naljakas, hea suhtleja ja ilus, v\u00e4ike punn minu elus!\u00a0<\/span><\/span><\/p>\n<p><span style=\"font-size: 8pt\"><strong>Sten<\/strong><span style=\"font-weight: 400\"> &#8211; S\u00f5bralik ja hooliv. Okei, Sten, uus soeng on parem!\u00a0<\/span><\/span><\/p>\n<p><span style=\"font-size: 8pt\"><span style=\"font-weight: 400\"><strong>Emili<\/strong> <\/span><span style=\"font-weight: 400\">&#8211; V\u00e4ga s\u00f5bralik inimene, isegi Villet kannatab, v\u00e4ga sportlik, optimistlik, oskab h\u00e4sti suhelda ja toetab. Kenad kulmud!<\/span><\/span><\/p>\n<p><span style=\"font-size: 8pt\"><strong>Karl Erik<\/strong><span style=\"font-weight: 400\"> &#8211; Pikkus ei ole oluline! Soovin malev\u00f5itu ja arenemist males!\u00a0<\/span><\/span><\/p>\n<p><span style=\"font-size: 8pt\"><strong>Simone<\/strong><span style=\"font-weight: 400\"> &#8211; V\u00e4ga abivalmis, s\u00f5bralik ja lahke. Sul on toredad instapildid. H\u00e4sti vastutustundlik, tore, r\u00f5\u00f5msameelne ja riietud ilusti!\u00a0<\/span><\/span><\/p>\n<p><span style=\"font-size: 8pt\"><strong>Risto<\/strong><span style=\"font-weight: 400\"> &#8211; Sa oled pandav! Pinguta rohkem!\u00a0<\/span><\/span><\/p>\n<p><span style=\"font-size: 8pt\"><strong>Michelle<\/strong><span style=\"font-weight: 400\"> &#8211; Vaatamata kasvule, sa oled muhe inimene. V\u00e4ga abivalmis ja r\u00f5\u00f5msameelne &#8211; positiivne inimene!<\/span><\/span><\/p>\n<p><span style=\"font-size: 8pt\"><strong>Oliver<\/strong><span style=\"font-weight: 400\"> &#8211; Tubli \u00f5pilane ja ilmselt j\u00e4\u00e4b ka g\u00fcmnaasiumisse reaali. Kena jalga!<\/span><\/span><\/p>\n<p><span style=\"font-size: 8pt\"><strong>Ulla<\/strong><span style=\"font-weight: 400\"> &#8211; Positiivne ja r\u00f5\u00f5msameelne inimene. S\u00e4rtsakaid p\u00e4evi ja kuldseid kiharaid!<\/span><\/span><\/p>\n<p><span style=\"font-size: 8pt\"><strong>Minna<\/strong><span style=\"font-weight: 400\"> &#8211; Sa oled v\u00e4ga kena! Kui sind l\u00e4hemalt tundma \u00f5ppida, oled t\u00e4iega \u00e4ge ja avameelne. Seiklusrikast suve ja uusi tutvusi!<\/span><\/span><\/p>\n<p><span style=\"font-size: 8pt\"><strong>Jan<\/strong><span style=\"font-weight: 400\"> &#8211; Kenad prillid. \u00c4gedat suve ja \u00e4ra vaheta prille!\u00a0<\/span><\/span><\/p>\n<p><span style=\"font-size: 8pt\"><strong>Liisa <\/strong><span style=\"font-weight: 400\">&#8211; Eeskujulik ja tark. Klassiajud! Hoiad klassi lippu k\u00f5rgel!<\/span><\/span><\/p>\n<p><span style=\"font-size: 8pt\"><strong>Kirke Kupits<\/strong><span style=\"font-weight: 400\"> &#8211; V\u00e4ga tark ja oskad programmeerida. Sul on v\u00e4ga s\u00e4rav naeratus!<\/span><\/span><\/p>\n<p><span style=\"font-size: 8pt\"><strong>Viktoria<\/strong><span style=\"font-weight: 400\"> &#8211; Nice maja. Suurep\u00e4rane s\u00f5branna ja annab endast alati parima. Sul on \u00e4ge maja!<\/span><\/span><\/p>\n<p><span style=\"font-size: 8pt\"><strong>Nataly<\/strong><span style=\"font-weight: 400\"> &#8211; Sul v\u00e4ga kenad s\u00fcgavad rohelised silmad. M\u00f5nusalt pikk!<\/span><\/span><\/p>\n<p><span style=\"font-size: 8pt\"><strong>Revo<\/strong><span style=\"font-weight: 400\"> &#8211; Sa oled n\u00e4gus noormees. V\u00e4ga h\u00e4sti m\u00e4ngid jalgpalli!<\/span><\/span><\/p>\n<p><span style=\"font-size: 8pt\"><strong>Oskar<\/strong><span style=\"font-weight: 400\"> &#8211; S\u00f5bralik. Jalgpallis v\u00e4ga hea.<\/span><\/span><\/p>\n<p><span style=\"font-size: 8pt\"><span style=\"font-weight: 400\"><strong>Ketlin<\/strong> &#8211; <\/span><span style=\"font-weight: 400\">V\u00e4ga t\u00f6\u00f6kas ja tore inimene. V\u00e4ga s\u00fcmpaatne!<\/span><\/span><\/p>\n<p><span style=\"font-size: 8pt\"><span style=\"font-weight: 400\"><strong>Karoliina<\/strong> <\/span><span style=\"font-weight: 400\">&#8211; Paistad h\u00e4sti tagasihoidlik, aga kui sind l\u00e4hemalt tundma \u00f5ppida, siis oled sa v\u00e4ga laheda iseloomuga. Sinuga on tore vestelda! R\u00f5\u00f5mus!<\/span><\/span><\/p>\n<p><span style=\"font-size: 8pt\"><strong>Tobias<\/strong><span style=\"font-weight: 400\"> &#8211; Hea s\u00f5ber ja \u00f5pid h\u00e4sti. Kogu aeg r\u00f5\u00f5msameelne!<\/span><\/span><\/p>\n<p><span style=\"font-size: 8pt\"><strong>P\u00e4rtel<\/strong><span style=\"font-weight: 400\"> &#8211; Sa oled intelligentne ilus poiss, unistuste mees. V\u00e4ga kena naeratus!<\/span><\/span><\/p>\n<p><span style=\"font-size: 8pt\"><span style=\"font-weight: 400\"><strong>Ville<\/strong> <\/span><span style=\"font-weight: 400\">&#8211; Heatahtlik ja jutukas. V\u00e4hemalt \u00fcritad!<\/span><\/span><\/p>\n<p><span style=\"font-size: 8pt\"><strong>Mia<\/strong><span style=\"font-weight: 400\"> &#8211; Teed asjad \u00e4ra. Enesekindel! Sul on niii \u00e4ge stiil!!!\u00a0<\/span><\/span><\/p>\n<p><span style=\"font-size: 8pt\"><strong>Joosep<\/strong><span style=\"font-weight: 400\"> &#8211; Sa oled v\u00e4ga heas vormis. Spordipoiss!<\/span><\/span><\/p>\n<p><span style=\"font-size: 8pt\"><strong>Gren<\/strong><span style=\"font-weight: 400\"> &#8211; Tore poiss, j\u00e4tka samas vaimus. Sa oled \u00fcks huvitav isiksus!<\/span><\/span><\/p>\n<p>Head suve!<\/p>\n<p><span style=\"font-size: 8pt\"><strong>Ketlin M. ja Kirke Ko.<\/strong><\/span><\/p>\n","protected":false},"excerpt":{"rendered":"<p>Kuigi see aasta terve kooliperega kooli l\u00f5ppu t\u00e4histada ei saanud, saime v\u00e4hemalt aktust l\u00e4bi otse\u00fclekande j\u00e4lgida. Niisiis istusime k\u00f5ik kodus, Reaali m\u00fctsid peas, ja elasime kaasa. Meie klassis oli ka see aasta palju tublisid sportlasi ja ol\u00fcmpiaadilisi ning kiituskirjaga l\u00f5petasid Tobias, Georg ja Ulla. Hea t\u00f6\u00f6! Et aasta v\u00f5imalikult r\u00f5\u00f5msalt l\u00f5petada, palusime igal klassikaaslasel teha [&hellip;]<\/p>\n","protected":false},"author":160,"featured_media":0,"comment_status":"closed","ping_status":"open","sticky":false,"template":"","format":"standard","meta":{"footnotes":""},"categories":[1],"tags":[],"class_list":["post-479","post","type-post","status-publish","format-standard","hentry","category-maaratlemata"],"_links":{"self":[{"href":"https:\/\/www.real.edu.ee\/ajaveeb\/arh139c\/wp-json\/wp\/v2\/posts\/479","targetHints":{"allow":["GET"]}}],"collection":[{"href":"https:\/\/www.real.edu.ee\/ajaveeb\/arh139c\/wp-json\/wp\/v2\/posts"}],"about":[{"href":"https:\/\/www.real.edu.ee\/ajaveeb\/arh139c\/wp-json\/wp\/v2\/types\/post"}],"author":[{"embeddable":true,"href":"https:\/\/www.real.edu.ee\/ajaveeb\/arh139c\/wp-json\/wp\/v2\/users\/160"}],"replies":[{"embeddable":true,"href":"https:\/\/www.real.edu.ee\/ajaveeb\/arh139c\/wp-json\/wp\/v2\/comments?post=479"}],"version-history":[{"count":43,"href":"https:\/\/www.real.edu.ee\/ajaveeb\/arh139c\/wp-json\/wp\/v2\/posts\/479\/revisions"}],"predecessor-version":[{"id":523,"href":"https:\/\/www.real.edu.ee\/ajaveeb\/arh139c\/wp-json\/wp\/v2\/posts\/479\/revisions\/523"}],"wp:attachment":[{"href":"https:\/\/www.real.edu.ee\/ajaveeb\/arh139c\/wp-json\/wp\/v2\/media?parent=479"}],"wp:term":[{"taxonomy":"category","embeddable":true,"href":"https:\/\/www.real.edu.ee\/ajaveeb\/arh139c\/wp-json\/wp\/v2\/categories?post=479"},{"taxonomy":"post_tag","embeddable":true,"href":"https:\/\/www.real.edu.ee\/ajaveeb\/arh139c\/wp-json\/wp\/v2\/tags?post=479"}],"curies":[{"name":"wp","href":"https:\/\/api.w.org\/{rel}","templated":true}]}}