{"id":387,"date":"2020-04-26T16:07:04","date_gmt":"2020-04-26T13:07:04","guid":{"rendered":"http:\/\/www.real.edu.ee\/ajaveeb\/139c\/?p=387"},"modified":"2020-04-26T16:07:04","modified_gmt":"2020-04-26T13:07:04","slug":"eesti-vabariigi-aastapaev","status":"publish","type":"post","link":"https:\/\/www.real.edu.ee\/ajaveeb\/arh139c\/2020\/04\/26\/eesti-vabariigi-aastapaev\/","title":{"rendered":"Eesti Vabariigi aastap\u00e4ev"},"content":{"rendered":"<p style=\"text-align: center\">Oli 21. veebruar. Olime alguses kooli tulnud arvates, et meil on kolm tundi, aktus ja siis saame vaheajale. T\u00e4nani selgusetul p\u00f5hjusel j\u00e4i meil aga ajalugu \u00e4ra ja pidime leppima k\u00f5igest kahe koolitunniga. Aktus sujus kenasti. Kuulasime kahte k\u00f5ne, koori ja m\u00f5tlesime kohe-kohe saabuva Eesti Vabariigi s\u00fcnnip\u00e4eva peale (m\u00f5ned rohkem vist ikkagi vaheaja peale). Samuti autasustati ka tublimaid ol\u00fcmpiaadil osalejaid. Meie klassist tunnustati Mia Briti, Tobiast, Martat, Georg Markust ning loomulikult Liisat. \u00d5nnitlused!<\/p>\n<p><strong>Kirke Ko.<\/strong><\/p>\n<p><img loading=\"lazy\" decoding=\"async\" class=\"wp-image-389 alignright\" src=\"http:\/\/www.real.edu.ee\/ajaveeb\/139c\/files\/2020\/04\/kohad-300x225.jpg\" alt=\"\" width=\"234\" height=\"176\" srcset=\"https:\/\/www.real.edu.ee\/ajaveeb\/arh139c\/files\/2020\/04\/kohad-300x225.jpg 300w, https:\/\/www.real.edu.ee\/ajaveeb\/arh139c\/files\/2020\/04\/kohad-1024x768.jpg 1024w, https:\/\/www.real.edu.ee\/ajaveeb\/arh139c\/files\/2020\/04\/kohad-768x576.jpg 768w, https:\/\/www.real.edu.ee\/ajaveeb\/arh139c\/files\/2020\/04\/kohad.jpg 1250w\" sizes=\"auto, (max-width: 234px) 100vw, 234px\" \/><img loading=\"lazy\" decoding=\"async\" class=\"wp-image-388 alignleft\" src=\"http:\/\/www.real.edu.ee\/ajaveeb\/139c\/files\/2020\/04\/autasustatud-300x225.jpg\" alt=\"\" width=\"234\" height=\"176\" srcset=\"https:\/\/www.real.edu.ee\/ajaveeb\/arh139c\/files\/2020\/04\/autasustatud-300x225.jpg 300w, https:\/\/www.real.edu.ee\/ajaveeb\/arh139c\/files\/2020\/04\/autasustatud-1024x768.jpg 1024w, https:\/\/www.real.edu.ee\/ajaveeb\/arh139c\/files\/2020\/04\/autasustatud-768x576.jpg 768w, https:\/\/www.real.edu.ee\/ajaveeb\/arh139c\/files\/2020\/04\/autasustatud.jpg 1250w\" sizes=\"auto, (max-width: 234px) 100vw, 234px\" \/><\/p>\n","protected":false},"excerpt":{"rendered":"<p>Oli 21. veebruar. Olime alguses kooli tulnud arvates, et meil on kolm tundi, aktus ja siis saame vaheajale. T\u00e4nani selgusetul p\u00f5hjusel j\u00e4i meil aga ajalugu \u00e4ra ja pidime leppima k\u00f5igest kahe koolitunniga. Aktus sujus kenasti. Kuulasime kahte k\u00f5ne, koori ja m\u00f5tlesime kohe-kohe saabuva Eesti Vabariigi s\u00fcnnip\u00e4eva peale (m\u00f5ned rohkem vist ikkagi vaheaja peale). Samuti autasustati [&hellip;]<\/p>\n","protected":false},"author":160,"featured_media":0,"comment_status":"closed","ping_status":"open","sticky":false,"template":"","format":"standard","meta":{"footnotes":""},"categories":[1],"tags":[],"class_list":["post-387","post","type-post","status-publish","format-standard","hentry","category-maaratlemata"],"_links":{"self":[{"href":"https:\/\/www.real.edu.ee\/ajaveeb\/arh139c\/wp-json\/wp\/v2\/posts\/387","targetHints":{"allow":["GET"]}}],"collection":[{"href":"https:\/\/www.real.edu.ee\/ajaveeb\/arh139c\/wp-json\/wp\/v2\/posts"}],"about":[{"href":"https:\/\/www.real.edu.ee\/ajaveeb\/arh139c\/wp-json\/wp\/v2\/types\/post"}],"author":[{"embeddable":true,"href":"https:\/\/www.real.edu.ee\/ajaveeb\/arh139c\/wp-json\/wp\/v2\/users\/160"}],"replies":[{"embeddable":true,"href":"https:\/\/www.real.edu.ee\/ajaveeb\/arh139c\/wp-json\/wp\/v2\/comments?post=387"}],"version-history":[{"count":9,"href":"https:\/\/www.real.edu.ee\/ajaveeb\/arh139c\/wp-json\/wp\/v2\/posts\/387\/revisions"}],"predecessor-version":[{"id":398,"href":"https:\/\/www.real.edu.ee\/ajaveeb\/arh139c\/wp-json\/wp\/v2\/posts\/387\/revisions\/398"}],"wp:attachment":[{"href":"https:\/\/www.real.edu.ee\/ajaveeb\/arh139c\/wp-json\/wp\/v2\/media?parent=387"}],"wp:term":[{"taxonomy":"category","embeddable":true,"href":"https:\/\/www.real.edu.ee\/ajaveeb\/arh139c\/wp-json\/wp\/v2\/categories?post=387"},{"taxonomy":"post_tag","embeddable":true,"href":"https:\/\/www.real.edu.ee\/ajaveeb\/arh139c\/wp-json\/wp\/v2\/tags?post=387"}],"curies":[{"name":"wp","href":"https:\/\/api.w.org\/{rel}","templated":true}]}}