{"id":377,"date":"2020-04-16T11:18:51","date_gmt":"2020-04-16T08:18:51","guid":{"rendered":"http:\/\/www.real.edu.ee\/ajaveeb\/139c\/?p=377"},"modified":"2020-04-16T11:18:51","modified_gmt":"2020-04-16T08:18:51","slug":"margipidu","status":"publish","type":"post","link":"https:\/\/www.real.edu.ee\/ajaveeb\/arh139c\/2020\/04\/16\/margipidu\/","title":{"rendered":"M\u00e4rgipidu"},"content":{"rendered":"<p style=\"text-align: center\">18. veebruaril toimus meie lennu m\u00e4rgipidu, kus me saime terve lennuga endale<br \/>\nv\u00e4ikesed Tallinna Reaalkooli logoga m\u00e4rgid, mida t\u00e4htp\u00e4evadel kanda.<br \/>\nV\u00e4ga paljudele meie klassist, kellega peale m\u00e4rgipidu r\u00e4\u00e4kisin, meeldis see v\u00e4ga. Osadele<br \/>\nmeeldis see, et toitu sai, osadele j\u00e4llegi vahepealsed laulud. Muidugi meeldisid k\u00f5ikidele ka<br \/>\nPiret Otsa tantsud, aga kellele need ei meeldiks. Meie klassist j\u00e4id osad ka peale m\u00e4rgipidu<br \/>\ntoimuvale nii-\u00f6elda \u201ediskole\u201c, mis meeldis neile, kuid m\u00f5ne arvates oleks v\u00f5inud olla natuke<br \/>\nparemad laulud, aga see-eest olid nad ikkagi diskoga rahul. Kokkuv\u00f5ttes meeldis meie klassile<br \/>\nm\u00e4rgipidu v\u00e4ga ja paljude arust k\u00f5ige parem osa ei olnud mitte isegi m\u00e4rgi saamine vaid<br \/>\nhoopis Piret Otsa tantsude tantsimine.<\/p>\n<p><strong>Sten Martin K.<\/strong><\/p>\n<p><img loading=\"lazy\" decoding=\"async\" class=\"wp-image-378 aligncenter\" src=\"http:\/\/www.real.edu.ee\/ajaveeb\/139c\/files\/2020\/04\/tants-300x201.jpg\" alt=\"\" width=\"484\" height=\"324\" srcset=\"https:\/\/www.real.edu.ee\/ajaveeb\/arh139c\/files\/2020\/04\/tants-300x201.jpg 300w, https:\/\/www.real.edu.ee\/ajaveeb\/arh139c\/files\/2020\/04\/tants-768x515.jpg 768w, https:\/\/www.real.edu.ee\/ajaveeb\/arh139c\/files\/2020\/04\/tants.jpg 960w\" sizes=\"auto, (max-width: 484px) 100vw, 484px\" \/><\/p>\n","protected":false},"excerpt":{"rendered":"<p>18. veebruaril toimus meie lennu m\u00e4rgipidu, kus me saime terve lennuga endale v\u00e4ikesed Tallinna Reaalkooli logoga m\u00e4rgid, mida t\u00e4htp\u00e4evadel kanda. V\u00e4ga paljudele meie klassist, kellega peale m\u00e4rgipidu r\u00e4\u00e4kisin, meeldis see v\u00e4ga. Osadele meeldis see, et toitu sai, osadele j\u00e4llegi vahepealsed laulud. Muidugi meeldisid k\u00f5ikidele ka Piret Otsa tantsud, aga kellele need ei meeldiks. Meie klassist [&hellip;]<\/p>\n","protected":false},"author":160,"featured_media":0,"comment_status":"closed","ping_status":"open","sticky":false,"template":"","format":"standard","meta":{"footnotes":""},"categories":[1],"tags":[],"class_list":["post-377","post","type-post","status-publish","format-standard","hentry","category-maaratlemata"],"_links":{"self":[{"href":"https:\/\/www.real.edu.ee\/ajaveeb\/arh139c\/wp-json\/wp\/v2\/posts\/377","targetHints":{"allow":["GET"]}}],"collection":[{"href":"https:\/\/www.real.edu.ee\/ajaveeb\/arh139c\/wp-json\/wp\/v2\/posts"}],"about":[{"href":"https:\/\/www.real.edu.ee\/ajaveeb\/arh139c\/wp-json\/wp\/v2\/types\/post"}],"author":[{"embeddable":true,"href":"https:\/\/www.real.edu.ee\/ajaveeb\/arh139c\/wp-json\/wp\/v2\/users\/160"}],"replies":[{"embeddable":true,"href":"https:\/\/www.real.edu.ee\/ajaveeb\/arh139c\/wp-json\/wp\/v2\/comments?post=377"}],"version-history":[{"count":6,"href":"https:\/\/www.real.edu.ee\/ajaveeb\/arh139c\/wp-json\/wp\/v2\/posts\/377\/revisions"}],"predecessor-version":[{"id":384,"href":"https:\/\/www.real.edu.ee\/ajaveeb\/arh139c\/wp-json\/wp\/v2\/posts\/377\/revisions\/384"}],"wp:attachment":[{"href":"https:\/\/www.real.edu.ee\/ajaveeb\/arh139c\/wp-json\/wp\/v2\/media?parent=377"}],"wp:term":[{"taxonomy":"category","embeddable":true,"href":"https:\/\/www.real.edu.ee\/ajaveeb\/arh139c\/wp-json\/wp\/v2\/categories?post=377"},{"taxonomy":"post_tag","embeddable":true,"href":"https:\/\/www.real.edu.ee\/ajaveeb\/arh139c\/wp-json\/wp\/v2\/tags?post=377"}],"curies":[{"name":"wp","href":"https:\/\/api.w.org\/{rel}","templated":true}]}}