{"id":359,"date":"2020-02-17T17:29:13","date_gmt":"2020-02-17T15:29:13","guid":{"rendered":"http:\/\/www.real.edu.ee\/ajaveeb\/139c\/?p=359"},"modified":"2020-02-17T17:29:13","modified_gmt":"2020-02-17T15:29:13","slug":"tartu-rahu-100","status":"publish","type":"post","link":"https:\/\/www.real.edu.ee\/ajaveeb\/arh139c\/2020\/02\/17\/tartu-rahu-100\/","title":{"rendered":"Tartu rahu 100"},"content":{"rendered":"<p style=\"text-align: center\">2. veebruaril m\u00f6\u00f6dus 100 aastat Tartu rahust. \u00d5nneks oli meil v\u00f5imalik seda pidulikku s\u00fcndmust t\u00e4histada kodus ja kooli me p\u00fchap\u00e4eval ei tulnud. Esmasp\u00e4eval aga viibisime koos teiste kaheksandike ja \u00fcheksandikega kooli aulas ja meenutasime Tartu rahu. Peeti ka k\u00f5ne, kus r\u00e4\u00e4giti Reaalkooli olulisusest vabaduss\u00f5jas. K\u00f5igil oli huvitav ja kindlasti \u00f5ppisime ka \u00fcht-teist uut!<\/p>\n<p><strong>Kirke Ko.<\/strong><\/p>\n<p><img loading=\"lazy\" decoding=\"async\" class=\"\" src=\"https:\/\/scontent-hel2-1.xx.fbcdn.net\/v\/t1.0-0\/p640x640\/83945132_2948308618534305_1795189758704484352_o.jpg?_nc_cat=103&amp;_nc_ohc=nZLBlBghlrMAX-SUTrz&amp;_nc_ht=scontent-hel2-1.xx&amp;_nc_tp=6&amp;oh=eb16565b588271c00cb89f9678c38087&amp;oe=5ECE3FA4\" alt=\"Image may contain: 16 people, crowd and indoor\" width=\"245\" height=\"163\" \/>\u00a0 \u00a0 <img loading=\"lazy\" decoding=\"async\" class=\"\" src=\"https:\/\/scontent-hel2-1.xx.fbcdn.net\/v\/t1.0-0\/p640x640\/83947155_2948308575200976_4426025517208043520_o.jpg?_nc_cat=107&amp;_nc_ohc=6FQwFxIldUYAX-w-Dxm&amp;_nc_ht=scontent-hel2-1.xx&amp;_nc_tp=6&amp;oh=db331576a10c8cbe3290976d8feac951&amp;oe=5EB5A9A1\" alt=\"Image may contain: 1 person, standing, suit and indoor\" width=\"245\" height=\"163\" \/><\/p>\n","protected":false},"excerpt":{"rendered":"<p>2. veebruaril m\u00f6\u00f6dus 100 aastat Tartu rahust. \u00d5nneks oli meil v\u00f5imalik seda pidulikku s\u00fcndmust t\u00e4histada kodus ja kooli me p\u00fchap\u00e4eval ei tulnud. Esmasp\u00e4eval aga viibisime koos teiste kaheksandike ja \u00fcheksandikega kooli aulas ja meenutasime Tartu rahu. Peeti ka k\u00f5ne, kus r\u00e4\u00e4giti Reaalkooli olulisusest vabaduss\u00f5jas. K\u00f5igil oli huvitav ja kindlasti \u00f5ppisime ka \u00fcht-teist uut! Kirke Ko. [&hellip;]<\/p>\n","protected":false},"author":160,"featured_media":0,"comment_status":"closed","ping_status":"open","sticky":false,"template":"","format":"standard","meta":{"footnotes":""},"categories":[1],"tags":[],"class_list":["post-359","post","type-post","status-publish","format-standard","hentry","category-maaratlemata"],"_links":{"self":[{"href":"https:\/\/www.real.edu.ee\/ajaveeb\/arh139c\/wp-json\/wp\/v2\/posts\/359","targetHints":{"allow":["GET"]}}],"collection":[{"href":"https:\/\/www.real.edu.ee\/ajaveeb\/arh139c\/wp-json\/wp\/v2\/posts"}],"about":[{"href":"https:\/\/www.real.edu.ee\/ajaveeb\/arh139c\/wp-json\/wp\/v2\/types\/post"}],"author":[{"embeddable":true,"href":"https:\/\/www.real.edu.ee\/ajaveeb\/arh139c\/wp-json\/wp\/v2\/users\/160"}],"replies":[{"embeddable":true,"href":"https:\/\/www.real.edu.ee\/ajaveeb\/arh139c\/wp-json\/wp\/v2\/comments?post=359"}],"version-history":[{"count":3,"href":"https:\/\/www.real.edu.ee\/ajaveeb\/arh139c\/wp-json\/wp\/v2\/posts\/359\/revisions"}],"predecessor-version":[{"id":362,"href":"https:\/\/www.real.edu.ee\/ajaveeb\/arh139c\/wp-json\/wp\/v2\/posts\/359\/revisions\/362"}],"wp:attachment":[{"href":"https:\/\/www.real.edu.ee\/ajaveeb\/arh139c\/wp-json\/wp\/v2\/media?parent=359"}],"wp:term":[{"taxonomy":"category","embeddable":true,"href":"https:\/\/www.real.edu.ee\/ajaveeb\/arh139c\/wp-json\/wp\/v2\/categories?post=359"},{"taxonomy":"post_tag","embeddable":true,"href":"https:\/\/www.real.edu.ee\/ajaveeb\/arh139c\/wp-json\/wp\/v2\/tags?post=359"}],"curies":[{"name":"wp","href":"https:\/\/api.w.org\/{rel}","templated":true}]}}