{"id":32,"date":"2018-10-04T15:04:39","date_gmt":"2018-10-04T12:04:39","guid":{"rendered":"http:\/\/www.real.edu.ee\/ajaveeb\/139c\/?p=32"},"modified":"2019-03-13T21:45:52","modified_gmt":"2019-03-13T19:45:52","slug":"rk-sunnipaev","status":"publish","type":"post","link":"https:\/\/www.real.edu.ee\/ajaveeb\/arh139c\/2018\/10\/04\/rk-sunnipaev\/","title":{"rendered":"Reaalkooli s\u00fcnnip\u00e4ev"},"content":{"rendered":"<p style=\"text-align: center;padding-left: 30px\"><span style=\"font-family: georgia, palatino, serif;font-size: 12pt\">Meie kool sai sel aastal 137-aastaseks. K\u00f5igil klassidel k\u00e4is k\u00fclas Reaalkooli vilistlane, kes r\u00e4\u00e4kis, kuidas temal koolis l\u00e4ks, millega ta hetkel tegeleb ja nii edasi. Samuti vastas ta \u00f5pilastel tekkinud k\u00fcsimustele. J\u00e4rgnevalt l\u00e4ksime me staadionile, kus pidas k\u00f5ne meie kooli direktor. Kui k\u00f5ne l\u00f5ppes, saime s\u00fc\u00fca toitu, mis oli igal klassil ise valitud. Meie klassil oli kaks kringlit, mis olid m\u00f5lemad v\u00e4ga maitsvad. Kooli s\u00fcnnip\u00e4ev m\u00f6\u00f6dus v\u00e4ga toredalt ja k\u00f5ik l\u00e4ksid koju r\u00f5\u00f5msalt. Palju \u00f5nne Reaalkool!<\/span><\/p>\n<p><span style=\"font-size: 10pt;font-family: arial, helvetica, sans-serif\"><strong>Michelle \u0160.<\/strong><\/span><\/p>\n<div id=\"attachment_33\" style=\"width: 310px\" class=\"wp-caption alignnone\"><img loading=\"lazy\" decoding=\"async\" aria-describedby=\"caption-attachment-33\" class=\"wp-image-33 size-medium\" src=\"http:\/\/www.real.edu.ee\/ajaveeb\/139c\/files\/2018\/10\/received_165203804405009-300x225.jpeg\" alt=\"\" width=\"300\" height=\"225\" srcset=\"https:\/\/www.real.edu.ee\/ajaveeb\/arh139c\/files\/2018\/10\/received_165203804405009-300x225.jpeg 300w, https:\/\/www.real.edu.ee\/ajaveeb\/arh139c\/files\/2018\/10\/received_165203804405009-768x576.jpeg 768w, https:\/\/www.real.edu.ee\/ajaveeb\/arh139c\/files\/2018\/10\/received_165203804405009-1024x768.jpeg 1024w\" sizes=\"auto, (max-width: 300px) 100vw, 300px\" \/><p id=\"caption-attachment-33\" class=\"wp-caption-text\"><span style=\"font-family: georgia, palatino, serif\">Klass kooli s\u00fcnnip\u00e4eva t\u00e4histamas<\/span>.<\/p><\/div>\n","protected":false},"excerpt":{"rendered":"<p>Meie kool sai sel aastal 137-aastaseks. K\u00f5igil klassidel k\u00e4is k\u00fclas Reaalkooli vilistlane, kes r\u00e4\u00e4kis, kuidas temal koolis l\u00e4ks, millega ta hetkel tegeleb ja nii edasi. Samuti vastas ta \u00f5pilastel tekkinud k\u00fcsimustele. J\u00e4rgnevalt l\u00e4ksime me staadionile, kus pidas k\u00f5ne meie kooli direktor. Kui k\u00f5ne l\u00f5ppes, saime s\u00fc\u00fca toitu, mis oli igal klassil ise valitud. Meie klassil [&hellip;]<\/p>\n","protected":false},"author":160,"featured_media":0,"comment_status":"closed","ping_status":"open","sticky":false,"template":"","format":"standard","meta":{"footnotes":""},"categories":[1],"tags":[],"class_list":["post-32","post","type-post","status-publish","format-standard","hentry","category-maaratlemata"],"_links":{"self":[{"href":"https:\/\/www.real.edu.ee\/ajaveeb\/arh139c\/wp-json\/wp\/v2\/posts\/32","targetHints":{"allow":["GET"]}}],"collection":[{"href":"https:\/\/www.real.edu.ee\/ajaveeb\/arh139c\/wp-json\/wp\/v2\/posts"}],"about":[{"href":"https:\/\/www.real.edu.ee\/ajaveeb\/arh139c\/wp-json\/wp\/v2\/types\/post"}],"author":[{"embeddable":true,"href":"https:\/\/www.real.edu.ee\/ajaveeb\/arh139c\/wp-json\/wp\/v2\/users\/160"}],"replies":[{"embeddable":true,"href":"https:\/\/www.real.edu.ee\/ajaveeb\/arh139c\/wp-json\/wp\/v2\/comments?post=32"}],"version-history":[{"count":9,"href":"https:\/\/www.real.edu.ee\/ajaveeb\/arh139c\/wp-json\/wp\/v2\/posts\/32\/revisions"}],"predecessor-version":[{"id":44,"href":"https:\/\/www.real.edu.ee\/ajaveeb\/arh139c\/wp-json\/wp\/v2\/posts\/32\/revisions\/44"}],"wp:attachment":[{"href":"https:\/\/www.real.edu.ee\/ajaveeb\/arh139c\/wp-json\/wp\/v2\/media?parent=32"}],"wp:term":[{"taxonomy":"category","embeddable":true,"href":"https:\/\/www.real.edu.ee\/ajaveeb\/arh139c\/wp-json\/wp\/v2\/categories?post=32"},{"taxonomy":"post_tag","embeddable":true,"href":"https:\/\/www.real.edu.ee\/ajaveeb\/arh139c\/wp-json\/wp\/v2\/tags?post=32"}],"curies":[{"name":"wp","href":"https:\/\/api.w.org\/{rel}","templated":true}]}}