{"id":317,"date":"2019-10-18T18:33:53","date_gmt":"2019-10-18T15:33:53","guid":{"rendered":"http:\/\/www.real.edu.ee\/ajaveeb\/139c\/?p=317"},"modified":"2019-10-18T18:35:27","modified_gmt":"2019-10-18T15:35:27","slug":"loodusmatk-paunkulla","status":"publish","type":"post","link":"https:\/\/www.real.edu.ee\/ajaveeb\/arh139c\/2019\/10\/18\/loodusmatk-paunkulla\/","title":{"rendered":"Loodusmatk Paunk\u00fclla"},"content":{"rendered":"<p style=\"text-align: center\"><span style=\"font-weight: 400\">2.oktoobril k\u00e4isime klassiga Paunk\u00fcla Maastikukaitsealal matkamas. Programmi teemaks oli j\u00e4\u00e4aeg. Kogu matka v\u00e4ltel tutvustasid meie giidid meile erinevaid j\u00e4\u00e4aja tekkelisi pinnavorme. Matkarada l\u00e4bis nii metsa kui ka raba. Toimus mitmesuguseid meeskonnam\u00e4nge ja -\u00fclesandeid. Nende k\u00e4igus saime teada v\u00e4ga palju uut ja\u00a0 huvitavat j\u00e4\u00e4aja ning sellel ajal elanud loomade kohta. Ilm oli hea ja tuju samuti. Oli tore vahelduseks viibida v\u00e4ljaspool koolimaja ja saada uusi teadmisi.<\/span><\/p>\n<p><strong>Oskar M.<\/strong><\/p>\n<p style=\"text-align: center\"><span style=\"font-weight: 400\"><img loading=\"lazy\" decoding=\"async\" class=\"aligncenter wp-image-318\" src=\"http:\/\/www.real.edu.ee\/ajaveeb\/139c\/files\/2019\/10\/loodusmaa-300x225.jpg\" alt=\"\" width=\"459\" height=\"344\" srcset=\"https:\/\/www.real.edu.ee\/ajaveeb\/arh139c\/files\/2019\/10\/loodusmaa-300x225.jpg 300w, https:\/\/www.real.edu.ee\/ajaveeb\/arh139c\/files\/2019\/10\/loodusmaa-768x576.jpg 768w, https:\/\/www.real.edu.ee\/ajaveeb\/arh139c\/files\/2019\/10\/loodusmaa-1024x768.jpg 1024w, https:\/\/www.real.edu.ee\/ajaveeb\/arh139c\/files\/2019\/10\/loodusmaa.jpg 1600w\" sizes=\"auto, (max-width: 459px) 100vw, 459px\" \/><\/span><\/p>\n","protected":false},"excerpt":{"rendered":"<p>2.oktoobril k\u00e4isime klassiga Paunk\u00fcla Maastikukaitsealal matkamas. Programmi teemaks oli j\u00e4\u00e4aeg. Kogu matka v\u00e4ltel tutvustasid meie giidid meile erinevaid j\u00e4\u00e4aja tekkelisi pinnavorme. Matkarada l\u00e4bis nii metsa kui ka raba. Toimus mitmesuguseid meeskonnam\u00e4nge ja -\u00fclesandeid. Nende k\u00e4igus saime teada v\u00e4ga palju uut ja\u00a0 huvitavat j\u00e4\u00e4aja ning sellel ajal elanud loomade kohta. Ilm oli hea ja tuju samuti. [&hellip;]<\/p>\n","protected":false},"author":160,"featured_media":0,"comment_status":"closed","ping_status":"open","sticky":false,"template":"","format":"standard","meta":{"footnotes":""},"categories":[1],"tags":[],"class_list":["post-317","post","type-post","status-publish","format-standard","hentry","category-maaratlemata"],"_links":{"self":[{"href":"https:\/\/www.real.edu.ee\/ajaveeb\/arh139c\/wp-json\/wp\/v2\/posts\/317","targetHints":{"allow":["GET"]}}],"collection":[{"href":"https:\/\/www.real.edu.ee\/ajaveeb\/arh139c\/wp-json\/wp\/v2\/posts"}],"about":[{"href":"https:\/\/www.real.edu.ee\/ajaveeb\/arh139c\/wp-json\/wp\/v2\/types\/post"}],"author":[{"embeddable":true,"href":"https:\/\/www.real.edu.ee\/ajaveeb\/arh139c\/wp-json\/wp\/v2\/users\/160"}],"replies":[{"embeddable":true,"href":"https:\/\/www.real.edu.ee\/ajaveeb\/arh139c\/wp-json\/wp\/v2\/comments?post=317"}],"version-history":[{"count":4,"href":"https:\/\/www.real.edu.ee\/ajaveeb\/arh139c\/wp-json\/wp\/v2\/posts\/317\/revisions"}],"predecessor-version":[{"id":322,"href":"https:\/\/www.real.edu.ee\/ajaveeb\/arh139c\/wp-json\/wp\/v2\/posts\/317\/revisions\/322"}],"wp:attachment":[{"href":"https:\/\/www.real.edu.ee\/ajaveeb\/arh139c\/wp-json\/wp\/v2\/media?parent=317"}],"wp:term":[{"taxonomy":"category","embeddable":true,"href":"https:\/\/www.real.edu.ee\/ajaveeb\/arh139c\/wp-json\/wp\/v2\/categories?post=317"},{"taxonomy":"post_tag","embeddable":true,"href":"https:\/\/www.real.edu.ee\/ajaveeb\/arh139c\/wp-json\/wp\/v2\/tags?post=317"}],"curies":[{"name":"wp","href":"https:\/\/api.w.org\/{rel}","templated":true}]}}