{"id":285,"date":"2019-10-08T20:56:01","date_gmt":"2019-10-08T17:56:01","guid":{"rendered":"http:\/\/www.real.edu.ee\/ajaveeb\/139c\/?p=285"},"modified":"2019-10-08T20:57:32","modified_gmt":"2019-10-08T17:57:32","slug":"kooli-sunnipaev","status":"publish","type":"post","link":"https:\/\/www.real.edu.ee\/ajaveeb\/arh139c\/2019\/10\/08\/kooli-sunnipaev\/","title":{"rendered":"Kooli s\u00fcnnip\u00e4ev"},"content":{"rendered":"<div dir=\"auto\" style=\"text-align: center\">\n<div dir=\"auto\">Esmasp\u00e4eval, 30. septembril t\u00e4histasime kooli 138. s\u00fcnnip\u00e4eva. Enne aktust tuli meie klassile r\u00e4\u00e4kima Reaalkooli vilistlane Kadri Alasi. Ta jutustas oma m\u00e4lestustest \u00f5pilasena ja oma t\u00f6\u00f6st looduskaitsespetsialistina: salak\u00fcttimisest, sellest mis liigid on ohustatud ja kelle saadused on n\u00f5utud mustal turul. Peale\u00a0 huvitavat loengut suundusime klassiga staadionile. T\u00e4histasime kooli s\u00fcnnip\u00e4eva kringlite ning r\u00f5\u00f5msa meelega.<\/div>\n<\/div>\n<div dir=\"auto\" style=\"text-align: center\"><span style=\"color: #ffffff\">.\u00a0 \u00a0 \u00a0<\/span><\/div>\n<div dir=\"auto\"><strong>Hedvig K.<\/strong><\/div>\n<div dir=\"auto\"><strong><img loading=\"lazy\" decoding=\"async\" class=\" wp-image-286 alignleft\" src=\"http:\/\/www.real.edu.ee\/ajaveeb\/139c\/files\/2019\/10\/kringel-300x200.jpg\" alt=\"\" width=\"233\" height=\"155\" srcset=\"https:\/\/www.real.edu.ee\/ajaveeb\/arh139c\/files\/2019\/10\/kringel-300x200.jpg 300w, https:\/\/www.real.edu.ee\/ajaveeb\/arh139c\/files\/2019\/10\/kringel.jpg 640w\" sizes=\"auto, (max-width: 233px) 100vw, 233px\" \/> <img loading=\"lazy\" decoding=\"async\" class=\" wp-image-287 alignleft\" src=\"http:\/\/www.real.edu.ee\/ajaveeb\/139c\/files\/2019\/10\/klassipilt-300x200.jpg\" alt=\"\" width=\"236\" height=\"157\" srcset=\"https:\/\/www.real.edu.ee\/ajaveeb\/arh139c\/files\/2019\/10\/klassipilt-300x200.jpg 300w, https:\/\/www.real.edu.ee\/ajaveeb\/arh139c\/files\/2019\/10\/klassipilt.jpg 640w\" sizes=\"auto, (max-width: 236px) 100vw, 236px\" \/><\/strong><\/div>\n","protected":false},"excerpt":{"rendered":"<p>Esmasp\u00e4eval, 30. septembril t\u00e4histasime kooli 138. s\u00fcnnip\u00e4eva. Enne aktust tuli meie klassile r\u00e4\u00e4kima Reaalkooli vilistlane Kadri Alasi. Ta jutustas oma m\u00e4lestustest \u00f5pilasena ja oma t\u00f6\u00f6st looduskaitsespetsialistina: salak\u00fcttimisest, sellest mis liigid on ohustatud ja kelle saadused on n\u00f5utud mustal turul. Peale\u00a0 huvitavat loengut suundusime klassiga staadionile. T\u00e4histasime kooli s\u00fcnnip\u00e4eva kringlite ning r\u00f5\u00f5msa meelega. .\u00a0 \u00a0 \u00a0 [&hellip;]<\/p>\n","protected":false},"author":160,"featured_media":0,"comment_status":"closed","ping_status":"open","sticky":false,"template":"","format":"standard","meta":{"footnotes":""},"categories":[1],"tags":[],"class_list":["post-285","post","type-post","status-publish","format-standard","hentry","category-maaratlemata"],"_links":{"self":[{"href":"https:\/\/www.real.edu.ee\/ajaveeb\/arh139c\/wp-json\/wp\/v2\/posts\/285","targetHints":{"allow":["GET"]}}],"collection":[{"href":"https:\/\/www.real.edu.ee\/ajaveeb\/arh139c\/wp-json\/wp\/v2\/posts"}],"about":[{"href":"https:\/\/www.real.edu.ee\/ajaveeb\/arh139c\/wp-json\/wp\/v2\/types\/post"}],"author":[{"embeddable":true,"href":"https:\/\/www.real.edu.ee\/ajaveeb\/arh139c\/wp-json\/wp\/v2\/users\/160"}],"replies":[{"embeddable":true,"href":"https:\/\/www.real.edu.ee\/ajaveeb\/arh139c\/wp-json\/wp\/v2\/comments?post=285"}],"version-history":[{"count":17,"href":"https:\/\/www.real.edu.ee\/ajaveeb\/arh139c\/wp-json\/wp\/v2\/posts\/285\/revisions"}],"predecessor-version":[{"id":304,"href":"https:\/\/www.real.edu.ee\/ajaveeb\/arh139c\/wp-json\/wp\/v2\/posts\/285\/revisions\/304"}],"wp:attachment":[{"href":"https:\/\/www.real.edu.ee\/ajaveeb\/arh139c\/wp-json\/wp\/v2\/media?parent=285"}],"wp:term":[{"taxonomy":"category","embeddable":true,"href":"https:\/\/www.real.edu.ee\/ajaveeb\/arh139c\/wp-json\/wp\/v2\/categories?post=285"},{"taxonomy":"post_tag","embeddable":true,"href":"https:\/\/www.real.edu.ee\/ajaveeb\/arh139c\/wp-json\/wp\/v2\/tags?post=285"}],"curies":[{"name":"wp","href":"https:\/\/api.w.org\/{rel}","templated":true}]}}