{"id":265,"date":"2019-09-17T15:33:08","date_gmt":"2019-09-17T12:33:08","guid":{"rendered":"http:\/\/www.real.edu.ee\/ajaveeb\/139c\/?p=265"},"modified":"2019-09-17T15:33:08","modified_gmt":"2019-09-17T12:33:08","slug":"2-september","status":"publish","type":"post","link":"https:\/\/www.real.edu.ee\/ajaveeb\/arh139c\/2019\/09\/17\/2-september\/","title":{"rendered":"2. september"},"content":{"rendered":"\n<p style=\"text-align:center\"> 2. september oli soe esmasp\u00e4ev. P\u00e4ike paistis ja k\u00f5ik olid ootus\u00e4revust t\u00e4is. Tulime kell 10 kooli, viisime asjad klassi ja seej\u00e4rel l\u00e4ksime pudireas staadionile. Kui ka \u00fclej\u00e4\u00e4nud klassid kohale j\u00f5udsid, algas pidulik aktus. Alguses k\u00f5las Eesti h\u00fcmn, siis pidas direktor k\u00f5ne ja autasustas eelmise aasta ol\u00fcmpiaadide v\u00f5itjaid. P\u00e4rast Reaali h\u00fc\u00fcdu lendas \u00f5hku mitusada koolim\u00fctsi ja v\u00f5iski uus kooliaasta alata. Peale aktuse l\u00f5ppu l\u00e4ksid k\u00f5ik \u00fches pikas pudireas oma klassidesse. Klassijuhatajatunnis saadi uued p\u00e4evikud ning m\u00f5ned said ka eelmise aasta tunnistused.<\/p>\n\n\n\n<p style=\"text-align:left\"><strong>Marta N.<\/strong><\/p>\n\n\n\n<div class=\"wp-block-image\"><figure class=\"aligncenter is-resized\"><img loading=\"lazy\" decoding=\"async\" src=\"http:\/\/www.real.edu.ee\/ajaveeb\/139c\/files\/2019\/09\/2.sept_-300x200.jpg\" alt=\"\" class=\"wp-image-266\" width=\"381\" height=\"254\" srcset=\"https:\/\/www.real.edu.ee\/ajaveeb\/arh139c\/files\/2019\/09\/2.sept_-300x200.jpg 300w, https:\/\/www.real.edu.ee\/ajaveeb\/arh139c\/files\/2019\/09\/2.sept_.jpg 640w\" sizes=\"auto, (max-width: 381px) 100vw, 381px\" \/><\/figure><\/div>\n","protected":false},"excerpt":{"rendered":"<p>2. september oli soe esmasp\u00e4ev. P\u00e4ike paistis ja k\u00f5ik olid ootus\u00e4revust t\u00e4is. Tulime kell 10 kooli, viisime asjad klassi ja seej\u00e4rel l\u00e4ksime pudireas staadionile. Kui ka \u00fclej\u00e4\u00e4nud klassid kohale j\u00f5udsid, algas pidulik aktus. Alguses k\u00f5las Eesti h\u00fcmn, siis pidas direktor k\u00f5ne ja autasustas eelmise aasta ol\u00fcmpiaadide v\u00f5itjaid. P\u00e4rast Reaali h\u00fc\u00fcdu lendas \u00f5hku mitusada koolim\u00fctsi ja [&hellip;]<\/p>\n","protected":false},"author":160,"featured_media":0,"comment_status":"closed","ping_status":"open","sticky":false,"template":"","format":"standard","meta":{"footnotes":""},"categories":[1],"tags":[],"class_list":["post-265","post","type-post","status-publish","format-standard","hentry","category-maaratlemata"],"_links":{"self":[{"href":"https:\/\/www.real.edu.ee\/ajaveeb\/arh139c\/wp-json\/wp\/v2\/posts\/265","targetHints":{"allow":["GET"]}}],"collection":[{"href":"https:\/\/www.real.edu.ee\/ajaveeb\/arh139c\/wp-json\/wp\/v2\/posts"}],"about":[{"href":"https:\/\/www.real.edu.ee\/ajaveeb\/arh139c\/wp-json\/wp\/v2\/types\/post"}],"author":[{"embeddable":true,"href":"https:\/\/www.real.edu.ee\/ajaveeb\/arh139c\/wp-json\/wp\/v2\/users\/160"}],"replies":[{"embeddable":true,"href":"https:\/\/www.real.edu.ee\/ajaveeb\/arh139c\/wp-json\/wp\/v2\/comments?post=265"}],"version-history":[{"count":4,"href":"https:\/\/www.real.edu.ee\/ajaveeb\/arh139c\/wp-json\/wp\/v2\/posts\/265\/revisions"}],"predecessor-version":[{"id":270,"href":"https:\/\/www.real.edu.ee\/ajaveeb\/arh139c\/wp-json\/wp\/v2\/posts\/265\/revisions\/270"}],"wp:attachment":[{"href":"https:\/\/www.real.edu.ee\/ajaveeb\/arh139c\/wp-json\/wp\/v2\/media?parent=265"}],"wp:term":[{"taxonomy":"category","embeddable":true,"href":"https:\/\/www.real.edu.ee\/ajaveeb\/arh139c\/wp-json\/wp\/v2\/categories?post=265"},{"taxonomy":"post_tag","embeddable":true,"href":"https:\/\/www.real.edu.ee\/ajaveeb\/arh139c\/wp-json\/wp\/v2\/tags?post=265"}],"curies":[{"name":"wp","href":"https:\/\/api.w.org\/{rel}","templated":true}]}}