{"id":236,"date":"2019-09-16T21:09:41","date_gmt":"2019-09-16T18:09:41","guid":{"rendered":"http:\/\/www.real.edu.ee\/ajaveeb\/139c\/?p=236"},"modified":"2019-09-16T21:30:21","modified_gmt":"2019-09-16T18:30:21","slug":"rootsi-reis","status":"publish","type":"post","link":"https:\/\/www.real.edu.ee\/ajaveeb\/arh139c\/2019\/09\/16\/rootsi-reis\/","title":{"rendered":"Rootsi reis"},"content":{"rendered":"\n<p style=\"text-align: center\"><span style=\"font-weight: 400\">6.- 8. juunil k\u00e4isime oma klassiga l\u00f5pureisil Rootsi kruiisil. Hoolimata raskest matkast ja suurest vaevast Harku metsas, pidime \u00f5htul oma kodinad kokku pakkima ja j\u00e4rgmisel p\u00e4eval laevale kimama. Karaoked lauldud, rootsilauad s\u00f6\u00f6dud ja tantsud tantsitud j\u00f5udsime Stockholmi.\u00a0 \u00a0 \u00a0 \u00a0 \u00a0 \u00a0 \u00a0 \u00a0 \u00a0<\/span><span style=\"font-weight: 400\">\u00dckski klassireis ei saa toimuda ilma muuseumis k\u00e4iguta. Meie k\u00fclastasime\u00a0 tehnikamuuseumit, kus saime uurida vanu vidinaid, s\u00f5ita kiirabiautoga ning k\u00fclastada kaevandust. P\u00e4rast muuseumik\u00fclastust saime omap\u00e4i Stockholmi avastada. \u00d5htupoolikul oli aeg tagasi laevale rutata. <\/span><span style=\"font-weight: 400\">Hilis\u00f5htul vaatasime showd, veetsime klassikaaslastega l\u00f5bustalt aega ning siis oli aeg ennast pikast p\u00e4evast v\u00e4lja puhata. <\/span><span style=\"font-weight: 400\">Rootsi reis oli l\u00f5bus ja kindlasti \u00fcks meeldej\u00e4\u00e4vamaid kogemusi ning me sooviksime seda kindlasti korrata.<\/span><\/p>\n<p><strong>Simone S. ja Emili V.\u00a0 \u00a0 \u00a0 \u00a0 \u00a0 \u00a0 \u00a0 \u00a0 \u00a0 \u00a0 \u00a0 \u00a0 \u00a0 \u00a0 \u00a0 \u00a0 \u00a0<\/strong><strong>\u00a0 \u00a0 \u00a0 \u00a0 \u00a0 \u00a0 \u00a0 \u00a0 \u00a0 \u00a0 \u00a0 \u00a0 \u00a0 \u00a0 \u00a0 \u00a0 \u00a0 \u00a0\u00a0<\/strong><\/p>\n\n\n\n<div class=\"wp-block-image\"><figure class=\"alignleft is-resized\"><img loading=\"lazy\" decoding=\"async\" src=\"http:\/\/www.real.edu.ee\/ajaveeb\/139c\/files\/2019\/09\/ppp-300x249.jpg\" alt=\"\" class=\"wp-image-262\" width=\"279\" height=\"232\" srcset=\"https:\/\/www.real.edu.ee\/ajaveeb\/arh139c\/files\/2019\/09\/ppp-300x249.jpg 300w, https:\/\/www.real.edu.ee\/ajaveeb\/arh139c\/files\/2019\/09\/ppp-768x639.jpg 768w, https:\/\/www.real.edu.ee\/ajaveeb\/arh139c\/files\/2019\/09\/ppp-1024x851.jpg 1024w\" sizes=\"auto, (max-width: 279px) 100vw, 279px\" \/><\/figure><\/div>\n\n\n\n<figure class=\"wp-block-image is-resized\"><img loading=\"lazy\" decoding=\"async\" src=\"http:\/\/www.real.edu.ee\/ajaveeb\/139c\/files\/2019\/09\/rrr-1-259x300.jpg\" alt=\"\" class=\"wp-image-263\" width=\"237\" height=\"275\" srcset=\"https:\/\/www.real.edu.ee\/ajaveeb\/arh139c\/files\/2019\/09\/rrr-1-259x300.jpg 259w, https:\/\/www.real.edu.ee\/ajaveeb\/arh139c\/files\/2019\/09\/rrr-1.jpg 716w\" sizes=\"auto, (max-width: 237px) 100vw, 237px\" \/><\/figure>\n","protected":false},"excerpt":{"rendered":"<p>6.- 8. juunil k\u00e4isime oma klassiga l\u00f5pureisil Rootsi kruiisil. Hoolimata raskest matkast ja suurest vaevast Harku metsas, pidime \u00f5htul oma kodinad kokku pakkima ja j\u00e4rgmisel p\u00e4eval laevale kimama. Karaoked lauldud, rootsilauad s\u00f6\u00f6dud ja tantsud tantsitud j\u00f5udsime Stockholmi.\u00a0 \u00a0 \u00a0 \u00a0 \u00a0 \u00a0 \u00a0 \u00a0 \u00a0\u00dckski klassireis ei saa toimuda ilma muuseumis k\u00e4iguta. Meie k\u00fclastasime\u00a0 tehnikamuuseumit, [&hellip;]<\/p>\n","protected":false},"author":160,"featured_media":0,"comment_status":"open","ping_status":"open","sticky":false,"template":"","format":"standard","meta":{"footnotes":""},"categories":[1],"tags":[],"class_list":["post-236","post","type-post","status-publish","format-standard","hentry","category-maaratlemata"],"_links":{"self":[{"href":"https:\/\/www.real.edu.ee\/ajaveeb\/arh139c\/wp-json\/wp\/v2\/posts\/236","targetHints":{"allow":["GET"]}}],"collection":[{"href":"https:\/\/www.real.edu.ee\/ajaveeb\/arh139c\/wp-json\/wp\/v2\/posts"}],"about":[{"href":"https:\/\/www.real.edu.ee\/ajaveeb\/arh139c\/wp-json\/wp\/v2\/types\/post"}],"author":[{"embeddable":true,"href":"https:\/\/www.real.edu.ee\/ajaveeb\/arh139c\/wp-json\/wp\/v2\/users\/160"}],"replies":[{"embeddable":true,"href":"https:\/\/www.real.edu.ee\/ajaveeb\/arh139c\/wp-json\/wp\/v2\/comments?post=236"}],"version-history":[{"count":20,"href":"https:\/\/www.real.edu.ee\/ajaveeb\/arh139c\/wp-json\/wp\/v2\/posts\/236\/revisions"}],"predecessor-version":[{"id":264,"href":"https:\/\/www.real.edu.ee\/ajaveeb\/arh139c\/wp-json\/wp\/v2\/posts\/236\/revisions\/264"}],"wp:attachment":[{"href":"https:\/\/www.real.edu.ee\/ajaveeb\/arh139c\/wp-json\/wp\/v2\/media?parent=236"}],"wp:term":[{"taxonomy":"category","embeddable":true,"href":"https:\/\/www.real.edu.ee\/ajaveeb\/arh139c\/wp-json\/wp\/v2\/categories?post=236"},{"taxonomy":"post_tag","embeddable":true,"href":"https:\/\/www.real.edu.ee\/ajaveeb\/arh139c\/wp-json\/wp\/v2\/tags?post=236"}],"curies":[{"name":"wp","href":"https:\/\/api.w.org\/{rel}","templated":true}]}}