{"id":217,"date":"2019-06-05T15:12:38","date_gmt":"2019-06-05T12:12:38","guid":{"rendered":"http:\/\/www.real.edu.ee\/ajaveeb\/139c\/?p=217"},"modified":"2019-06-05T15:12:38","modified_gmt":"2019-06-05T12:12:38","slug":"lipupaev","status":"publish","type":"post","link":"https:\/\/www.real.edu.ee\/ajaveeb\/arh139c\/2019\/06\/05\/lipupaev\/","title":{"rendered":"Lipup\u00e4ev"},"content":{"rendered":"\n<p style=\"text-align:center\">Teisip\u00e4eval, 04.06 t\u00e4histati lipup\u00e4eva. Lipup\u00e4eval t\u00e4histati 135 aasta m\u00f6\u00f6dumist sinimustvalge sisse\u00f5nnistamist Otep\u00e4\u00e4 kirikus. Tallinna Reaalkooli \u00f5pilased ning \u00f5petajad kandsid Eesti lipuv\u00e4rvides riideid. Lipup\u00e4eva t\u00e4htsaim osa oli v\u00e4ike tseremoonia, mis oli p\u00fchendatud Eesti trikoloorile, mis toodi esmakordselt v\u00e4lja Tallinna Reaalkooli aktusel aastal 1988. Lipu kinkis Tallinna Reaalkoolile kooli vilistlane.<\/p>\n\n\n\n<p><strong>Tobias P.<\/strong><\/p>\n","protected":false},"excerpt":{"rendered":"<p>Teisip\u00e4eval, 04.06 t\u00e4histati lipup\u00e4eva. Lipup\u00e4eval t\u00e4histati 135 aasta m\u00f6\u00f6dumist sinimustvalge sisse\u00f5nnistamist Otep\u00e4\u00e4 kirikus. Tallinna Reaalkooli \u00f5pilased ning \u00f5petajad kandsid Eesti lipuv\u00e4rvides riideid. Lipup\u00e4eva t\u00e4htsaim osa oli v\u00e4ike tseremoonia, mis oli p\u00fchendatud Eesti trikoloorile, mis toodi esmakordselt v\u00e4lja Tallinna Reaalkooli aktusel aastal 1988. Lipu kinkis Tallinna Reaalkoolile kooli vilistlane. Tobias P.<\/p>\n","protected":false},"author":160,"featured_media":0,"comment_status":"closed","ping_status":"open","sticky":false,"template":"","format":"standard","meta":{"footnotes":""},"categories":[1],"tags":[],"class_list":["post-217","post","type-post","status-publish","format-standard","hentry","category-maaratlemata"],"_links":{"self":[{"href":"https:\/\/www.real.edu.ee\/ajaveeb\/arh139c\/wp-json\/wp\/v2\/posts\/217","targetHints":{"allow":["GET"]}}],"collection":[{"href":"https:\/\/www.real.edu.ee\/ajaveeb\/arh139c\/wp-json\/wp\/v2\/posts"}],"about":[{"href":"https:\/\/www.real.edu.ee\/ajaveeb\/arh139c\/wp-json\/wp\/v2\/types\/post"}],"author":[{"embeddable":true,"href":"https:\/\/www.real.edu.ee\/ajaveeb\/arh139c\/wp-json\/wp\/v2\/users\/160"}],"replies":[{"embeddable":true,"href":"https:\/\/www.real.edu.ee\/ajaveeb\/arh139c\/wp-json\/wp\/v2\/comments?post=217"}],"version-history":[{"count":1,"href":"https:\/\/www.real.edu.ee\/ajaveeb\/arh139c\/wp-json\/wp\/v2\/posts\/217\/revisions"}],"predecessor-version":[{"id":218,"href":"https:\/\/www.real.edu.ee\/ajaveeb\/arh139c\/wp-json\/wp\/v2\/posts\/217\/revisions\/218"}],"wp:attachment":[{"href":"https:\/\/www.real.edu.ee\/ajaveeb\/arh139c\/wp-json\/wp\/v2\/media?parent=217"}],"wp:term":[{"taxonomy":"category","embeddable":true,"href":"https:\/\/www.real.edu.ee\/ajaveeb\/arh139c\/wp-json\/wp\/v2\/categories?post=217"},{"taxonomy":"post_tag","embeddable":true,"href":"https:\/\/www.real.edu.ee\/ajaveeb\/arh139c\/wp-json\/wp\/v2\/tags?post=217"}],"curies":[{"name":"wp","href":"https:\/\/api.w.org\/{rel}","templated":true}]}}