{"id":169,"date":"2019-02-17T21:14:48","date_gmt":"2019-02-17T19:14:48","guid":{"rendered":"http:\/\/www.real.edu.ee\/ajaveeb\/139c\/?p=169"},"modified":"2019-06-04T23:43:15","modified_gmt":"2019-06-04T20:43:15","slug":"sobrapaev","status":"publish","type":"post","link":"https:\/\/www.real.edu.ee\/ajaveeb\/arh139c\/2019\/02\/17\/sobrapaev\/","title":{"rendered":"S\u00f5brap\u00e4ev"},"content":{"rendered":"<p style=\"text-align: center\"><span style=\"font-size: 12pt;font-family: georgia, palatino, serif\">14. veebruaril t\u00e4histasime kogu kooliga s\u00f5brap\u00e4eva. V\u00f5imalik oli s\u00f5pradele saata anon\u00fc\u00fcmselt kaarte, roose, kallisid ja muud. Nende laiali jagamisega tegeles meie \u00f5pilasesindus, kes k\u00e4is igas tunnis neid jagamas. Samuti v\u00f5is valentinip\u00e4eval kanda roosasid v\u00f5i punaseid riideid ja aula juures s\u00f5pradega pilte teha. Usun, et k\u00f5igil oli v\u00e4ga tore ja j\u00e4\u00e4me p\u00f5nevusega ootama j\u00e4rgmist aastat.<\/span><\/p>\n<p><strong><span style=\"font-family: arial, helvetica, sans-serif;font-size: 10pt\">Kirke Ko.<\/span><\/strong><\/p>\n<div id=\"attachment_170\" style=\"width: 510px\" class=\"wp-caption aligncenter\"><img loading=\"lazy\" decoding=\"async\" aria-describedby=\"caption-attachment-170\" class=\"wp-image-170\" src=\"http:\/\/www.real.edu.ee\/ajaveeb\/139c\/files\/2019\/03\/IMG_20190214_134408-768x1024.jpg\" alt=\"\" width=\"500\" height=\"667\" srcset=\"https:\/\/www.real.edu.ee\/ajaveeb\/arh139c\/files\/2019\/03\/IMG_20190214_134408-768x1024.jpg 768w, https:\/\/www.real.edu.ee\/ajaveeb\/arh139c\/files\/2019\/03\/IMG_20190214_134408-225x300.jpg 225w\" sizes=\"auto, (max-width: 500px) 100vw, 500px\" \/><p id=\"caption-attachment-170\" class=\"wp-caption-text\">Roose said ka meie klassi \u00f5pilased<\/p><\/div>\n","protected":false},"excerpt":{"rendered":"<p>14. veebruaril t\u00e4histasime kogu kooliga s\u00f5brap\u00e4eva. V\u00f5imalik oli s\u00f5pradele saata anon\u00fc\u00fcmselt kaarte, roose, kallisid ja muud. Nende laiali jagamisega tegeles meie \u00f5pilasesindus, kes k\u00e4is igas tunnis neid jagamas. Samuti v\u00f5is valentinip\u00e4eval kanda roosasid v\u00f5i punaseid riideid ja aula juures s\u00f5pradega pilte teha. Usun, et k\u00f5igil oli v\u00e4ga tore ja j\u00e4\u00e4me p\u00f5nevusega ootama j\u00e4rgmist aastat. Kirke [&hellip;]<\/p>\n","protected":false},"author":160,"featured_media":0,"comment_status":"closed","ping_status":"open","sticky":false,"template":"","format":"standard","meta":{"footnotes":""},"categories":[1],"tags":[],"class_list":["post-169","post","type-post","status-publish","format-standard","hentry","category-maaratlemata"],"_links":{"self":[{"href":"https:\/\/www.real.edu.ee\/ajaveeb\/arh139c\/wp-json\/wp\/v2\/posts\/169","targetHints":{"allow":["GET"]}}],"collection":[{"href":"https:\/\/www.real.edu.ee\/ajaveeb\/arh139c\/wp-json\/wp\/v2\/posts"}],"about":[{"href":"https:\/\/www.real.edu.ee\/ajaveeb\/arh139c\/wp-json\/wp\/v2\/types\/post"}],"author":[{"embeddable":true,"href":"https:\/\/www.real.edu.ee\/ajaveeb\/arh139c\/wp-json\/wp\/v2\/users\/160"}],"replies":[{"embeddable":true,"href":"https:\/\/www.real.edu.ee\/ajaveeb\/arh139c\/wp-json\/wp\/v2\/comments?post=169"}],"version-history":[{"count":4,"href":"https:\/\/www.real.edu.ee\/ajaveeb\/arh139c\/wp-json\/wp\/v2\/posts\/169\/revisions"}],"predecessor-version":[{"id":216,"href":"https:\/\/www.real.edu.ee\/ajaveeb\/arh139c\/wp-json\/wp\/v2\/posts\/169\/revisions\/216"}],"wp:attachment":[{"href":"https:\/\/www.real.edu.ee\/ajaveeb\/arh139c\/wp-json\/wp\/v2\/media?parent=169"}],"wp:term":[{"taxonomy":"category","embeddable":true,"href":"https:\/\/www.real.edu.ee\/ajaveeb\/arh139c\/wp-json\/wp\/v2\/categories?post=169"},{"taxonomy":"post_tag","embeddable":true,"href":"https:\/\/www.real.edu.ee\/ajaveeb\/arh139c\/wp-json\/wp\/v2\/tags?post=169"}],"curies":[{"name":"wp","href":"https:\/\/api.w.org\/{rel}","templated":true}]}}