{"id":163,"date":"2019-02-23T22:35:12","date_gmt":"2019-02-23T20:35:12","guid":{"rendered":"http:\/\/www.real.edu.ee\/ajaveeb\/139c\/?p=163"},"modified":"2019-03-17T14:04:07","modified_gmt":"2019-03-17T12:04:07","slug":"lipu-naelutamine","status":"publish","type":"post","link":"https:\/\/www.real.edu.ee\/ajaveeb\/arh139c\/2019\/02\/23\/lipu-naelutamine\/","title":{"rendered":"Lipu naelutamine"},"content":{"rendered":"<p style=\"text-align: center\"><span style=\"font-size: 12pt;font-family: georgia, palatino, serif\"><span style=\"font-weight: 400\">21.veebruaril \u00f5nnistati Reaalkoolile annetatud sini-must-valge kandelipp.\u00a0<\/span>Pidulikul tseremoonial osalesid nii \u00f5petajad kui ka igast klassist kaks esindajat ja ka kutsutud k\u00fclalised. Lipu \u00f5nnistas Reaalkooli kunagine vilistlane Jaan Nuga, kes l\u00f5i kinni esimese naela. Veel l\u00f6\u00f6di lipu sisse kolm naela. Seda tegid Eesti Lipu Seltsi esimees J\u00fcri Trei, Reaalkooli direktor Ene Saar ja \u00d5pilasomavalitsuse president Sofia Markson. Tseremoonia jooksul peeti mitu k\u00f5net ja k\u00f5ik l\u00f5ppes pidulikult lipu v\u00e4lja kandmisega.<\/span><\/p>\n<p><span style=\"font-family: arial, helvetica, sans-serif;font-size: 10pt\"><strong>Michelle \u0160.<\/strong><\/span><\/p>\n","protected":false},"excerpt":{"rendered":"<p>21.veebruaril \u00f5nnistati Reaalkoolile annetatud sini-must-valge kandelipp.\u00a0Pidulikul tseremoonial osalesid nii \u00f5petajad kui ka igast klassist kaks esindajat ja ka kutsutud k\u00fclalised. Lipu \u00f5nnistas Reaalkooli kunagine vilistlane Jaan Nuga, kes l\u00f5i kinni esimese naela. Veel l\u00f6\u00f6di lipu sisse kolm naela. Seda tegid Eesti Lipu Seltsi esimees J\u00fcri Trei, Reaalkooli direktor Ene Saar ja \u00d5pilasomavalitsuse president Sofia Markson. [&hellip;]<\/p>\n","protected":false},"author":160,"featured_media":0,"comment_status":"closed","ping_status":"open","sticky":false,"template":"","format":"standard","meta":{"footnotes":""},"categories":[1],"tags":[],"class_list":["post-163","post","type-post","status-publish","format-standard","hentry","category-maaratlemata"],"_links":{"self":[{"href":"https:\/\/www.real.edu.ee\/ajaveeb\/arh139c\/wp-json\/wp\/v2\/posts\/163","targetHints":{"allow":["GET"]}}],"collection":[{"href":"https:\/\/www.real.edu.ee\/ajaveeb\/arh139c\/wp-json\/wp\/v2\/posts"}],"about":[{"href":"https:\/\/www.real.edu.ee\/ajaveeb\/arh139c\/wp-json\/wp\/v2\/types\/post"}],"author":[{"embeddable":true,"href":"https:\/\/www.real.edu.ee\/ajaveeb\/arh139c\/wp-json\/wp\/v2\/users\/160"}],"replies":[{"embeddable":true,"href":"https:\/\/www.real.edu.ee\/ajaveeb\/arh139c\/wp-json\/wp\/v2\/comments?post=163"}],"version-history":[{"count":5,"href":"https:\/\/www.real.edu.ee\/ajaveeb\/arh139c\/wp-json\/wp\/v2\/posts\/163\/revisions"}],"predecessor-version":[{"id":173,"href":"https:\/\/www.real.edu.ee\/ajaveeb\/arh139c\/wp-json\/wp\/v2\/posts\/163\/revisions\/173"}],"wp:attachment":[{"href":"https:\/\/www.real.edu.ee\/ajaveeb\/arh139c\/wp-json\/wp\/v2\/media?parent=163"}],"wp:term":[{"taxonomy":"category","embeddable":true,"href":"https:\/\/www.real.edu.ee\/ajaveeb\/arh139c\/wp-json\/wp\/v2\/categories?post=163"},{"taxonomy":"post_tag","embeddable":true,"href":"https:\/\/www.real.edu.ee\/ajaveeb\/arh139c\/wp-json\/wp\/v2\/tags?post=163"}],"curies":[{"name":"wp","href":"https:\/\/api.w.org\/{rel}","templated":true}]}}