{"id":1338,"date":"2018-09-23T14:48:09","date_gmt":"2018-09-23T14:48:09","guid":{"rendered":"http:\/\/www.real.edu.ee\/ajaveeb\/138b\/?p=1338"},"modified":"2018-09-23T14:48:09","modified_gmt":"2018-09-23T14:48:09","slug":"1-september-2","status":"publish","type":"post","link":"https:\/\/www.real.edu.ee\/ajaveeb\/arh138b\/2018\/09\/23\/1-september-2\/","title":{"rendered":"1. September"},"content":{"rendered":"<p>Laup\u00e4eval,\u00a01.septembril\u00a0alustati\u00a0pidupiduliku\u00a0aktusega\u00a0uut<\/p>\n<p>kooliaastat<\/p>\n<p><span style=\"background-color: #ffffff\">Loomulikult toimus ka<\/span>\u00a0<span style=\"background-color: #ffffff\">klassijuhatajatund,<\/span>\u00a0<span style=\"background-color: #ffffff\">kus<\/span>\u00a0<span style=\"background-color: #ffffff\">meile jagati<\/span>\u00a0<span style=\"background-color: #ffffff\">p\u00e4evikud<\/span>\u00a0<span style=\"background-color: #ffffff\">ja kirjutati<\/span>\u00a0<span style=\"background-color: #ffffff\">\u00fcles<\/span>\u00a0<span style=\"background-color: #ffffff\">tunniplaan.<\/span><\/p>\n<p>Pilte\u00a0esimesest koolip\u00e4evast\u00a0ei\u00a0olnud, aga selle\u00a0eest\u00a0saab\u00a0\u00fche\u00a0toreda\u00a0Jaan\u00a0Kaplinski\u00a0lluuletuse\u00a0jagada.<\/p>\n<p>&nbsp;<\/p>\n<p><span style=\"font-size: large\">S\u00dcGISEL<br \/>\nJaan Kaplinski<\/span><\/p>\n<p>&nbsp;<\/p>\n<p><span style=\"font-size: large\">S\u00fcgisel m\u00e4rjem on kaste<\/span><\/p>\n<p><span style=\"font-size: large\">ja pimedus tihedam,<\/span><\/p>\n<p><span style=\"font-size: large\">s\u00fcgis &#8211;\u00a0see on koolilaste<\/span><\/p>\n<p><span style=\"font-size: large\">varane ja t\u00f5tlik samm.<\/span><\/p>\n<p>&nbsp;<\/p>\n<p><span style=\"font-size: large\">S\u00fcgis toob pihlasse marjad<\/span><\/p>\n<p><span style=\"font-size: large\">ja udu ja porise tee<\/span><\/p>\n<p><span style=\"font-size: large\">ja saapad ja saapaharjad<\/span><\/p>\n<p><span style=\"font-size: large\">ja taevasse Linnutee.<\/span><\/p>\n<p>&nbsp;<\/p>\n<p><span style=\"font-size: large\">Vahtrasse tulevad v\u00e4rvid<\/span><\/p>\n<p><span style=\"font-size: large\">ja \u00f5ue kasepuuriit<\/span><\/p>\n<p><span style=\"font-size: large\">ja emal on j\u00e4lle n\u00e4rvid<\/span><\/p>\n<p><span style=\"font-size: large\">ja isal radikuliit.<\/span><\/p>\n<p>&nbsp;<\/p>\n<p><span style=\"font-size: large\">Ja lastel on koolikott raske<\/span><\/p>\n<p><span style=\"font-size: large\">ja palju koolit\u00f6\u00f6d<\/span><\/p>\n<p><span style=\"font-size: large\">ja hommikul uni silmas<\/span><\/p>\n<p style=\"text-align: left\"><span style=\"font-size: large\">p\u00e4rast pikka k\u00fclma \u00f6\u00f6d.<\/span><\/p>\n<p>&nbsp;<\/p>\n<p style=\"text-align: center\"><!--more--><\/p>\n","protected":false},"excerpt":{"rendered":"<p>Laup\u00e4eval,\u00a01.septembril\u00a0alustati\u00a0pidupiduliku\u00a0aktusega\u00a0uut kooliaastat Loomulikult toimus ka\u00a0klassijuhatajatund,\u00a0kus\u00a0meile jagati\u00a0p\u00e4evikud\u00a0ja kirjutati\u00a0\u00fcles\u00a0tunniplaan. Pilte\u00a0esimesest koolip\u00e4evast\u00a0ei\u00a0olnud, aga selle\u00a0eest\u00a0saab\u00a0\u00fche\u00a0toreda\u00a0Jaan\u00a0Kaplinski\u00a0lluuletuse\u00a0jagada. &nbsp; S\u00dcGISEL Jaan Kaplinski &nbsp; S\u00fcgisel m\u00e4rjem on kaste ja pimedus tihedam, s\u00fcgis &#8211;\u00a0see on koolilaste varane ja t\u00f5tlik samm. &nbsp; S\u00fcgis toob pihlasse marjad ja udu ja porise tee ja saapad ja saapaharjad ja taevasse Linnutee. &nbsp; Vahtrasse tulevad v\u00e4rvid ja \u00f5ue kasepuuriit [&hellip;]<\/p>\n","protected":false},"author":155,"featured_media":0,"comment_status":"closed","ping_status":"open","sticky":false,"template":"","format":"standard","meta":{"footnotes":""},"categories":[11],"tags":[],"class_list":["post-1338","post","type-post","status-publish","format-standard","hentry","category-8-klass"],"_links":{"self":[{"href":"https:\/\/www.real.edu.ee\/ajaveeb\/arh138b\/wp-json\/wp\/v2\/posts\/1338","targetHints":{"allow":["GET"]}}],"collection":[{"href":"https:\/\/www.real.edu.ee\/ajaveeb\/arh138b\/wp-json\/wp\/v2\/posts"}],"about":[{"href":"https:\/\/www.real.edu.ee\/ajaveeb\/arh138b\/wp-json\/wp\/v2\/types\/post"}],"author":[{"embeddable":true,"href":"https:\/\/www.real.edu.ee\/ajaveeb\/arh138b\/wp-json\/wp\/v2\/users\/155"}],"replies":[{"embeddable":true,"href":"https:\/\/www.real.edu.ee\/ajaveeb\/arh138b\/wp-json\/wp\/v2\/comments?post=1338"}],"version-history":[{"count":5,"href":"https:\/\/www.real.edu.ee\/ajaveeb\/arh138b\/wp-json\/wp\/v2\/posts\/1338\/revisions"}],"predecessor-version":[{"id":1343,"href":"https:\/\/www.real.edu.ee\/ajaveeb\/arh138b\/wp-json\/wp\/v2\/posts\/1338\/revisions\/1343"}],"wp:attachment":[{"href":"https:\/\/www.real.edu.ee\/ajaveeb\/arh138b\/wp-json\/wp\/v2\/media?parent=1338"}],"wp:term":[{"taxonomy":"category","embeddable":true,"href":"https:\/\/www.real.edu.ee\/ajaveeb\/arh138b\/wp-json\/wp\/v2\/categories?post=1338"},{"taxonomy":"post_tag","embeddable":true,"href":"https:\/\/www.real.edu.ee\/ajaveeb\/arh138b\/wp-json\/wp\/v2\/tags?post=1338"}],"curies":[{"name":"wp","href":"https:\/\/api.w.org\/{rel}","templated":true}]}}