{"id":1184,"date":"2017-01-15T19:47:35","date_gmt":"2017-01-15T19:47:35","guid":{"rendered":"http:\/\/www.real.edu.ee\/ajaveeb\/138b\/?p=1184"},"modified":"2017-02-10T17:38:31","modified_gmt":"2017-02-10T17:38:31","slug":"teatrisse-minek","status":"publish","type":"post","link":"https:\/\/www.real.edu.ee\/ajaveeb\/arh138b\/2017\/01\/15\/teatrisse-minek\/","title":{"rendered":"Teatrisse minek"},"content":{"rendered":"<p><a href=\"http:\/\/www.real.edu.ee\/ajaveeb\/138b\/files\/2017\/01\/NUKU-teater_Kentsakas-juhtum-koeraga_2015_foto-Mart-Laul-2.jpg\"><img loading=\"lazy\" decoding=\"async\" class=\"alignnone size-medium wp-image-1185\" src=\"http:\/\/www.real.edu.ee\/ajaveeb\/138b\/files\/2017\/01\/NUKU-teater_Kentsakas-juhtum-koeraga_2015_foto-Mart-Laul-2-300x215.jpg\" alt=\"\" width=\"300\" height=\"215\" srcset=\"https:\/\/www.real.edu.ee\/ajaveeb\/arh138b\/files\/2017\/01\/NUKU-teater_Kentsakas-juhtum-koeraga_2015_foto-Mart-Laul-2-300x215.jpg 300w, https:\/\/www.real.edu.ee\/ajaveeb\/arh138b\/files\/2017\/01\/NUKU-teater_Kentsakas-juhtum-koeraga_2015_foto-Mart-Laul-2.jpg 700w\" sizes=\"auto, (max-width: 300px) 100vw, 300px\" \/><\/a><\/p>\n<p>Meie klass k\u00e4is 12. jaanuaril 2017 nukuteatris vaatamas etendust &#8220;Kentsakas juhtum koeraga \u00f6isel ajal&#8221;. Etendus oli tore ja kaasahaarav, mis r\u00e4\u00e4kis \u00fchest poisist, kellel oli k\u00e4sil kaks m\u00f5istatust. Nendeks olid naabri koera surm ja tema ema &#8220;surm&#8221;. L\u00f5puks leidis ta enda ema Londonist, sai teada, et koera m\u00f5rvar on ta isa ja matemaatika riigieksamil sai ta viie.<\/p>\n<p>Autor: Gregor Ludvig Kikas<\/p>\n","protected":false},"excerpt":{"rendered":"<p>Meie klass k\u00e4is 12. jaanuaril 2017 nukuteatris vaatamas etendust &#8220;Kentsakas juhtum koeraga \u00f6isel ajal&#8221;. Etendus oli tore ja kaasahaarav, mis r\u00e4\u00e4kis \u00fchest poisist, kellel oli k\u00e4sil kaks m\u00f5istatust. Nendeks olid naabri koera surm ja tema ema &#8220;surm&#8221;. L\u00f5puks leidis ta enda ema Londonist, sai teada, et koera m\u00f5rvar on ta isa ja matemaatika riigieksamil sai [&hellip;]<\/p>\n","protected":false},"author":112,"featured_media":0,"comment_status":"closed","ping_status":"open","sticky":false,"template":"","format":"standard","meta":{"footnotes":""},"categories":[9,1],"tags":[],"class_list":["post-1184","post","type-post","status-publish","format-standard","hentry","category-6-klass","category-maaratlemata"],"_links":{"self":[{"href":"https:\/\/www.real.edu.ee\/ajaveeb\/arh138b\/wp-json\/wp\/v2\/posts\/1184","targetHints":{"allow":["GET"]}}],"collection":[{"href":"https:\/\/www.real.edu.ee\/ajaveeb\/arh138b\/wp-json\/wp\/v2\/posts"}],"about":[{"href":"https:\/\/www.real.edu.ee\/ajaveeb\/arh138b\/wp-json\/wp\/v2\/types\/post"}],"author":[{"embeddable":true,"href":"https:\/\/www.real.edu.ee\/ajaveeb\/arh138b\/wp-json\/wp\/v2\/users\/112"}],"replies":[{"embeddable":true,"href":"https:\/\/www.real.edu.ee\/ajaveeb\/arh138b\/wp-json\/wp\/v2\/comments?post=1184"}],"version-history":[{"count":10,"href":"https:\/\/www.real.edu.ee\/ajaveeb\/arh138b\/wp-json\/wp\/v2\/posts\/1184\/revisions"}],"predecessor-version":[{"id":1213,"href":"https:\/\/www.real.edu.ee\/ajaveeb\/arh138b\/wp-json\/wp\/v2\/posts\/1184\/revisions\/1213"}],"wp:attachment":[{"href":"https:\/\/www.real.edu.ee\/ajaveeb\/arh138b\/wp-json\/wp\/v2\/media?parent=1184"}],"wp:term":[{"taxonomy":"category","embeddable":true,"href":"https:\/\/www.real.edu.ee\/ajaveeb\/arh138b\/wp-json\/wp\/v2\/categories?post=1184"},{"taxonomy":"post_tag","embeddable":true,"href":"https:\/\/www.real.edu.ee\/ajaveeb\/arh138b\/wp-json\/wp\/v2\/tags?post=1184"}],"curies":[{"name":"wp","href":"https:\/\/api.w.org\/{rel}","templated":true}]}}