{"id":1180,"date":"2016-11-23T12:18:45","date_gmt":"2016-11-23T12:18:45","guid":{"rendered":"http:\/\/www.real.edu.ee\/ajaveeb\/138b\/?p=1180"},"modified":"2017-01-09T12:37:11","modified_gmt":"2017-01-09T12:37:11","slug":"eesti-pandipakendi-keskus","status":"publish","type":"post","link":"https:\/\/www.real.edu.ee\/ajaveeb\/arh138b\/2016\/11\/23\/eesti-pandipakendi-keskus\/","title":{"rendered":"Eesti Pandipakendi keskus"},"content":{"rendered":"<p><a href=\"http:\/\/www.real.edu.ee\/ajaveeb\/138b\/files\/2016\/11\/20161031_123612-1.jpg\"><img loading=\"lazy\" decoding=\"async\" class=\"alignnone size-medium wp-image-1181\" src=\"http:\/\/www.real.edu.ee\/ajaveeb\/138b\/files\/2016\/11\/20161031_123612-1-300x169.jpg\" alt=\"20161031_123612-1\" width=\"300\" height=\"169\" srcset=\"https:\/\/www.real.edu.ee\/ajaveeb\/arh138b\/files\/2016\/11\/20161031_123612-1-300x169.jpg 300w, https:\/\/www.real.edu.ee\/ajaveeb\/arh138b\/files\/2016\/11\/20161031_123612-1-768x432.jpg 768w, https:\/\/www.real.edu.ee\/ajaveeb\/arh138b\/files\/2016\/11\/20161031_123612-1-1024x576.jpg 1024w\" sizes=\"auto, (max-width: 300px) 100vw, 300px\" \/><\/a><\/p>\n<p>31. Oktoober k\u00e4isime Eesti Pandipakendis. Algul r\u00e4\u00e4giti plastpudelitest, klaaspudelist ja plekkpurkidest. Siis n\u00e4idati nende kohta videoid. Taaskasutades saab nendest teha riideid, autovelgi, vatiini ja palju muud. Selle teema kohta tegime ka viktoriini. Seej\u00e4rel l\u00e4ksime me tehasesse vaatama, mis protsessidest pudelid ja purgid l\u00e4bi k\u00e4ivad. L\u00f5pus jagati komme ning siis s\u00f5itsime kooli tagasi.\u00a0Helis<\/p>\n<p><span style=\"color: #000000;font-family: Calibri\">Autor: Helis Lisette K\u00e4hari<\/span><\/p>\n","protected":false},"excerpt":{"rendered":"<p>31. Oktoober k\u00e4isime Eesti Pandipakendis. Algul r\u00e4\u00e4giti plastpudelitest, klaaspudelist ja plekkpurkidest. Siis n\u00e4idati nende kohta videoid. Taaskasutades saab nendest teha riideid, autovelgi, vatiini ja palju muud. Selle teema kohta tegime ka viktoriini. Seej\u00e4rel l\u00e4ksime me tehasesse vaatama, mis protsessidest pudelid ja purgid l\u00e4bi k\u00e4ivad. L\u00f5pus jagati komme ning siis s\u00f5itsime kooli tagasi.\u00a0Helis Autor: Helis Lisette [&hellip;]<\/p>\n","protected":false},"author":112,"featured_media":0,"comment_status":"closed","ping_status":"open","sticky":false,"template":"","format":"standard","meta":{"footnotes":""},"categories":[9],"tags":[],"class_list":["post-1180","post","type-post","status-publish","format-standard","hentry","category-6-klass"],"_links":{"self":[{"href":"https:\/\/www.real.edu.ee\/ajaveeb\/arh138b\/wp-json\/wp\/v2\/posts\/1180","targetHints":{"allow":["GET"]}}],"collection":[{"href":"https:\/\/www.real.edu.ee\/ajaveeb\/arh138b\/wp-json\/wp\/v2\/posts"}],"about":[{"href":"https:\/\/www.real.edu.ee\/ajaveeb\/arh138b\/wp-json\/wp\/v2\/types\/post"}],"author":[{"embeddable":true,"href":"https:\/\/www.real.edu.ee\/ajaveeb\/arh138b\/wp-json\/wp\/v2\/users\/112"}],"replies":[{"embeddable":true,"href":"https:\/\/www.real.edu.ee\/ajaveeb\/arh138b\/wp-json\/wp\/v2\/comments?post=1180"}],"version-history":[{"count":1,"href":"https:\/\/www.real.edu.ee\/ajaveeb\/arh138b\/wp-json\/wp\/v2\/posts\/1180\/revisions"}],"predecessor-version":[{"id":1182,"href":"https:\/\/www.real.edu.ee\/ajaveeb\/arh138b\/wp-json\/wp\/v2\/posts\/1180\/revisions\/1182"}],"wp:attachment":[{"href":"https:\/\/www.real.edu.ee\/ajaveeb\/arh138b\/wp-json\/wp\/v2\/media?parent=1180"}],"wp:term":[{"taxonomy":"category","embeddable":true,"href":"https:\/\/www.real.edu.ee\/ajaveeb\/arh138b\/wp-json\/wp\/v2\/categories?post=1180"},{"taxonomy":"post_tag","embeddable":true,"href":"https:\/\/www.real.edu.ee\/ajaveeb\/arh138b\/wp-json\/wp\/v2\/tags?post=1180"}],"curies":[{"name":"wp","href":"https:\/\/api.w.org\/{rel}","templated":true}]}}