{"id":1146,"date":"2016-06-20T18:28:20","date_gmt":"2016-06-20T18:28:20","guid":{"rendered":"http:\/\/www.real.edu.ee\/ajaveeb\/138b\/?p=1146"},"modified":"2016-06-20T18:28:20","modified_gmt":"2016-06-20T18:28:20","slug":"oppeaasta-lopetamine-hirve-pargis","status":"publish","type":"post","link":"https:\/\/www.real.edu.ee\/ajaveeb\/arh138b\/2016\/06\/20\/oppeaasta-lopetamine-hirve-pargis\/","title":{"rendered":"\u00d5ppeaasta l\u00f5petamine Hirve pargis"},"content":{"rendered":"<p>Enne tunnistuste k\u00e4tte saamist pidasime veel maha \u00fche l\u00f5busa ja aktiivse pikniku Hirve pargis. Alguses s\u00f5ime ja j\u00f5ime, m\u00e4ngisime erinevaid m\u00e4nge ja seej\u00e4rel meenutasime, mida toredat me sel \u00f5ppeaastal koos teinud oleme. Oli tuuline, aga igati tore p\u00e4ev!<\/p>\n<p><a href=\"http:\/\/www.real.edu.ee\/ajaveeb\/138b\/files\/2016\/06\/DSC_1131.jpg\"><img loading=\"lazy\" decoding=\"async\" class=\"alignnone size-medium wp-image-1148\" src=\"http:\/\/www.real.edu.ee\/ajaveeb\/138b\/files\/2016\/06\/DSC_1131-300x169.jpg\" alt=\"DSC_1131\" width=\"300\" height=\"169\" srcset=\"https:\/\/www.real.edu.ee\/ajaveeb\/arh138b\/files\/2016\/06\/DSC_1131-300x169.jpg 300w, https:\/\/www.real.edu.ee\/ajaveeb\/arh138b\/files\/2016\/06\/DSC_1131-768x432.jpg 768w, https:\/\/www.real.edu.ee\/ajaveeb\/arh138b\/files\/2016\/06\/DSC_1131-1024x576.jpg 1024w\" sizes=\"auto, (max-width: 300px) 100vw, 300px\" \/><\/a> <a href=\"http:\/\/www.real.edu.ee\/ajaveeb\/138b\/files\/2016\/06\/DSC_1132.jpg\"><br \/>\n<\/a> <a href=\"http:\/\/www.real.edu.ee\/ajaveeb\/138b\/files\/2016\/06\/DSC_1133.jpg\"><img loading=\"lazy\" decoding=\"async\" class=\"alignnone size-medium wp-image-1150\" src=\"http:\/\/www.real.edu.ee\/ajaveeb\/138b\/files\/2016\/06\/DSC_1133-300x169.jpg\" alt=\"DSC_1133\" width=\"300\" height=\"169\" srcset=\"https:\/\/www.real.edu.ee\/ajaveeb\/arh138b\/files\/2016\/06\/DSC_1133-300x169.jpg 300w, https:\/\/www.real.edu.ee\/ajaveeb\/arh138b\/files\/2016\/06\/DSC_1133-768x432.jpg 768w, https:\/\/www.real.edu.ee\/ajaveeb\/arh138b\/files\/2016\/06\/DSC_1133-1024x576.jpg 1024w\" sizes=\"auto, (max-width: 300px) 100vw, 300px\" \/><\/a><\/p>\n<p>N\u00fc\u00fcd saame soovida k\u00f5ikidele ilusat suvevaheaega! Kohtume j\u00e4lle s\u00fcgisel!<\/p>\n","protected":false},"excerpt":{"rendered":"<p>Enne tunnistuste k\u00e4tte saamist pidasime veel maha \u00fche l\u00f5busa ja aktiivse pikniku Hirve pargis. Alguses s\u00f5ime ja j\u00f5ime, m\u00e4ngisime erinevaid m\u00e4nge ja seej\u00e4rel meenutasime, mida toredat me sel \u00f5ppeaastal koos teinud oleme. Oli tuuline, aga igati tore p\u00e4ev! N\u00fc\u00fcd saame soovida k\u00f5ikidele ilusat suvevaheaega! Kohtume j\u00e4lle s\u00fcgisel!<\/p>\n","protected":false},"author":99,"featured_media":0,"comment_status":"closed","ping_status":"open","sticky":false,"template":"","format":"standard","meta":{"footnotes":""},"categories":[8],"tags":[],"class_list":["post-1146","post","type-post","status-publish","format-standard","hentry","category-5-klass"],"_links":{"self":[{"href":"https:\/\/www.real.edu.ee\/ajaveeb\/arh138b\/wp-json\/wp\/v2\/posts\/1146","targetHints":{"allow":["GET"]}}],"collection":[{"href":"https:\/\/www.real.edu.ee\/ajaveeb\/arh138b\/wp-json\/wp\/v2\/posts"}],"about":[{"href":"https:\/\/www.real.edu.ee\/ajaveeb\/arh138b\/wp-json\/wp\/v2\/types\/post"}],"author":[{"embeddable":true,"href":"https:\/\/www.real.edu.ee\/ajaveeb\/arh138b\/wp-json\/wp\/v2\/users\/99"}],"replies":[{"embeddable":true,"href":"https:\/\/www.real.edu.ee\/ajaveeb\/arh138b\/wp-json\/wp\/v2\/comments?post=1146"}],"version-history":[{"count":1,"href":"https:\/\/www.real.edu.ee\/ajaveeb\/arh138b\/wp-json\/wp\/v2\/posts\/1146\/revisions"}],"predecessor-version":[{"id":1151,"href":"https:\/\/www.real.edu.ee\/ajaveeb\/arh138b\/wp-json\/wp\/v2\/posts\/1146\/revisions\/1151"}],"wp:attachment":[{"href":"https:\/\/www.real.edu.ee\/ajaveeb\/arh138b\/wp-json\/wp\/v2\/media?parent=1146"}],"wp:term":[{"taxonomy":"category","embeddable":true,"href":"https:\/\/www.real.edu.ee\/ajaveeb\/arh138b\/wp-json\/wp\/v2\/categories?post=1146"},{"taxonomy":"post_tag","embeddable":true,"href":"https:\/\/www.real.edu.ee\/ajaveeb\/arh138b\/wp-json\/wp\/v2\/tags?post=1146"}],"curies":[{"name":"wp","href":"https:\/\/api.w.org\/{rel}","templated":true}]}}