{"id":473,"date":"2013-10-18T11:25:59","date_gmt":"2013-10-18T11:25:59","guid":{"rendered":"http:\/\/www.real.edu.ee\/ajaveeb\/138a\/?p=473"},"modified":"2013-10-18T11:25:59","modified_gmt":"2013-10-18T11:25:59","slug":"veerandilopu-klassihommik-17-okt-2013","status":"publish","type":"post","link":"https:\/\/www.real.edu.ee\/ajaveeb\/arh138a\/2013\/10\/18\/veerandilopu-klassihommik-17-okt-2013\/","title":{"rendered":"VEERANDIL\u00d5PU  KLASSIHOMMIK  17.okt.2013"},"content":{"rendered":"<p>Traditsiooniks on saanud l\u00f5petada veerand klassi\u00f5htu- v\u00f5i -hommikuga.<\/p>\n<p>Jagasime lapsed laudkondadeks. Iga laudkond pidi otsustama ja \u00e4ra jagama toidud, mida keegi toob ning kenasti laua katma. Kuna eesti keele tundides k\u00e4sitlesime muinasjututeemat, siis pidi iga laudkond esitama katkendi mingist muinasjutust.<\/p>\n<p>Neli laudkonda olid v\u00f5rdv\u00e4\u00e4rselt kenasti lauad katnud. Toimus veel viktoriin.<\/p>\n<p><a href=\"http:\/\/www.real.edu.ee\/ajaveeb\/138a\/files\/2013\/10\/2013-10-17-11.03.17.jpg\"><img loading=\"lazy\" decoding=\"async\" class=\"alignnone size-medium wp-image-474\" alt=\"2013-10-17 11.03.17\" src=\"http:\/\/www.real.edu.ee\/ajaveeb\/138a\/files\/2013\/10\/2013-10-17-11.03.17-300x225.jpg\" width=\"300\" height=\"225\" srcset=\"https:\/\/www.real.edu.ee\/ajaveeb\/arh138a\/files\/2013\/10\/2013-10-17-11.03.17-300x225.jpg 300w, https:\/\/www.real.edu.ee\/ajaveeb\/arh138a\/files\/2013\/10\/2013-10-17-11.03.17-1024x768.jpg 1024w\" sizes=\"auto, (max-width: 300px) 100vw, 300px\" \/><\/a> <a href=\"http:\/\/www.real.edu.ee\/ajaveeb\/138a\/files\/2013\/10\/IMG_2888.jpg\"><img loading=\"lazy\" decoding=\"async\" class=\"alignnone size-medium wp-image-475\" alt=\"IMG_2888\" src=\"http:\/\/www.real.edu.ee\/ajaveeb\/138a\/files\/2013\/10\/IMG_2888-300x225.jpg\" width=\"300\" height=\"225\" srcset=\"https:\/\/www.real.edu.ee\/ajaveeb\/arh138a\/files\/2013\/10\/IMG_2888-300x225.jpg 300w, https:\/\/www.real.edu.ee\/ajaveeb\/arh138a\/files\/2013\/10\/IMG_2888-1024x768.jpg 1024w\" sizes=\"auto, (max-width: 300px) 100vw, 300px\" \/><\/a> <a href=\"http:\/\/www.real.edu.ee\/ajaveeb\/138a\/files\/2013\/10\/IMG_2889.jpg\"><img loading=\"lazy\" decoding=\"async\" class=\"alignnone size-medium wp-image-476\" alt=\"IMG_2889\" src=\"http:\/\/www.real.edu.ee\/ajaveeb\/138a\/files\/2013\/10\/IMG_2889-300x225.jpg\" width=\"300\" height=\"225\" srcset=\"https:\/\/www.real.edu.ee\/ajaveeb\/arh138a\/files\/2013\/10\/IMG_2889-300x225.jpg 300w, https:\/\/www.real.edu.ee\/ajaveeb\/arh138a\/files\/2013\/10\/IMG_2889-1024x768.jpg 1024w\" sizes=\"auto, (max-width: 300px) 100vw, 300px\" \/><\/a> <a href=\"http:\/\/www.real.edu.ee\/ajaveeb\/138a\/files\/2013\/10\/IMG_2891.jpg\"><img loading=\"lazy\" decoding=\"async\" class=\"alignnone size-medium wp-image-477\" alt=\"IMG_2891\" src=\"http:\/\/www.real.edu.ee\/ajaveeb\/138a\/files\/2013\/10\/IMG_2891-300x225.jpg\" width=\"300\" height=\"225\" srcset=\"https:\/\/www.real.edu.ee\/ajaveeb\/arh138a\/files\/2013\/10\/IMG_2891-300x225.jpg 300w, https:\/\/www.real.edu.ee\/ajaveeb\/arh138a\/files\/2013\/10\/IMG_2891-1024x768.jpg 1024w\" sizes=\"auto, (max-width: 300px) 100vw, 300px\" \/><\/a> <a href=\"http:\/\/www.real.edu.ee\/ajaveeb\/138a\/files\/2013\/10\/IMG_2893.jpg\"><img loading=\"lazy\" decoding=\"async\" class=\"alignnone size-medium wp-image-478\" alt=\"IMG_2893\" src=\"http:\/\/www.real.edu.ee\/ajaveeb\/138a\/files\/2013\/10\/IMG_2893-300x225.jpg\" width=\"300\" height=\"225\" srcset=\"https:\/\/www.real.edu.ee\/ajaveeb\/arh138a\/files\/2013\/10\/IMG_2893-300x225.jpg 300w, https:\/\/www.real.edu.ee\/ajaveeb\/arh138a\/files\/2013\/10\/IMG_2893-1024x768.jpg 1024w\" sizes=\"auto, (max-width: 300px) 100vw, 300px\" \/><\/a><\/p>\n","protected":false},"excerpt":{"rendered":"<p>Traditsiooniks on saanud l\u00f5petada veerand klassi\u00f5htu- v\u00f5i -hommikuga. Jagasime lapsed laudkondadeks. Iga laudkond pidi otsustama ja \u00e4ra jagama toidud, mida keegi toob ning kenasti laua katma. Kuna eesti keele tundides k\u00e4sitlesime muinasjututeemat, siis pidi iga laudkond esitama katkendi mingist muinasjutust. Neli laudkonda olid v\u00f5rdv\u00e4\u00e4rselt kenasti lauad katnud. Toimus veel viktoriin.<\/p>\n","protected":false},"author":39,"featured_media":0,"comment_status":"closed","ping_status":"open","sticky":false,"template":"","format":"standard","meta":{"footnotes":""},"categories":[5],"tags":[],"class_list":["post-473","post","type-post","status-publish","format-standard","hentry","category-3-klass"],"_links":{"self":[{"href":"https:\/\/www.real.edu.ee\/ajaveeb\/arh138a\/wp-json\/wp\/v2\/posts\/473","targetHints":{"allow":["GET"]}}],"collection":[{"href":"https:\/\/www.real.edu.ee\/ajaveeb\/arh138a\/wp-json\/wp\/v2\/posts"}],"about":[{"href":"https:\/\/www.real.edu.ee\/ajaveeb\/arh138a\/wp-json\/wp\/v2\/types\/post"}],"author":[{"embeddable":true,"href":"https:\/\/www.real.edu.ee\/ajaveeb\/arh138a\/wp-json\/wp\/v2\/users\/39"}],"replies":[{"embeddable":true,"href":"https:\/\/www.real.edu.ee\/ajaveeb\/arh138a\/wp-json\/wp\/v2\/comments?post=473"}],"version-history":[{"count":1,"href":"https:\/\/www.real.edu.ee\/ajaveeb\/arh138a\/wp-json\/wp\/v2\/posts\/473\/revisions"}],"predecessor-version":[{"id":479,"href":"https:\/\/www.real.edu.ee\/ajaveeb\/arh138a\/wp-json\/wp\/v2\/posts\/473\/revisions\/479"}],"wp:attachment":[{"href":"https:\/\/www.real.edu.ee\/ajaveeb\/arh138a\/wp-json\/wp\/v2\/media?parent=473"}],"wp:term":[{"taxonomy":"category","embeddable":true,"href":"https:\/\/www.real.edu.ee\/ajaveeb\/arh138a\/wp-json\/wp\/v2\/categories?post=473"},{"taxonomy":"post_tag","embeddable":true,"href":"https:\/\/www.real.edu.ee\/ajaveeb\/arh138a\/wp-json\/wp\/v2\/tags?post=473"}],"curies":[{"name":"wp","href":"https:\/\/api.w.org\/{rel}","templated":true}]}}