{"id":342,"date":"2013-02-27T12:56:40","date_gmt":"2013-02-27T12:56:40","guid":{"rendered":"http:\/\/www.real.edu.ee\/ajaveeb\/138a\/?p=342"},"modified":"2013-02-27T12:56:40","modified_gmt":"2013-02-27T12:56:40","slug":"sobrapaeva-stiilinadal","status":"publish","type":"post","link":"https:\/\/www.real.edu.ee\/ajaveeb\/arh138a\/2013\/02\/27\/sobrapaeva-stiilinadal\/","title":{"rendered":"S\u00d5BRAP\u00c4EVA   STIILIN\u00c4DAL"},"content":{"rendered":"<p>11. veebr.- 15. veebr. toimus traditsiooniline stiilin\u00e4dal. Igal p\u00e4eval oli oma pealkiri, millele vastavalt pidi riietuma.<\/p>\n<p>Esmasp\u00e4ev&#8212;-\u00a0 M\u00e4ng on v\u00e4ikese inimese t\u00f6\u00f6.<\/p>\n<p>Teisip\u00e4ev&#8212;&#8212; Kui saabub \u00f6\u00f6.<\/p>\n<p>Kolmap\u00e4ev&#8212;- Aastaajad<\/p>\n<p>Neljap\u00e4ev&#8212;-Sina oled minu s\u00f5ber ( S\u00f5brad on riietatud \u00fchtemoodi)<\/p>\n<p>Reede&#8212;&#8212;&#8212;Lemmiktegelane lemmikraamatust<\/p>\n\n\t\t<style type=\"text\/css\">\n\t\t\t#gallery-1 {\n\t\t\t\tmargin: auto;\n\t\t\t}\n\t\t\t#gallery-1 .gallery-item {\n\t\t\t\tfloat: left;\n\t\t\t\tmargin-top: 10px;\n\t\t\t\ttext-align: center;\n\t\t\t\twidth: 33%;\n\t\t\t}\n\t\t\t#gallery-1 img {\n\t\t\t\tborder: 2px solid #cfcfcf;\n\t\t\t}\n\t\t\t#gallery-1 .gallery-caption {\n\t\t\t\tmargin-left: 0;\n\t\t\t}\n\t\t\t\/* see gallery_shortcode() in wp-includes\/media.php *\/\n\t\t<\/style>\n\t\t<div id='gallery-1' class='gallery galleryid-342 gallery-columns-3 gallery-size-thumbnail'><dl class='gallery-item'>\n\t\t\t<dt class='gallery-icon landscape'>\n\t\t\t\t<a href='https:\/\/www.real.edu.ee\/ajaveeb\/arh138a\/2013\/02\/27\/sobrapaeva-stiilinadal\/imgp6934\/'><img loading=\"lazy\" decoding=\"async\" width=\"150\" height=\"150\" src=\"https:\/\/www.real.edu.ee\/ajaveeb\/arh138a\/files\/2013\/02\/IMGP6934-150x150.jpg\" class=\"attachment-thumbnail size-thumbnail\" alt=\"\" \/><\/a>\n\t\t\t<\/dt><\/dl><dl class='gallery-item'>\n\t\t\t<dt class='gallery-icon landscape'>\n\t\t\t\t<a href='https:\/\/www.real.edu.ee\/ajaveeb\/arh138a\/2013\/02\/27\/sobrapaeva-stiilinadal\/imgp6937\/'><img loading=\"lazy\" decoding=\"async\" width=\"150\" height=\"150\" src=\"https:\/\/www.real.edu.ee\/ajaveeb\/arh138a\/files\/2013\/02\/IMGP6937-150x150.jpg\" class=\"attachment-thumbnail size-thumbnail\" alt=\"\" \/><\/a>\n\t\t\t<\/dt><\/dl><dl class='gallery-item'>\n\t\t\t<dt class='gallery-icon landscape'>\n\t\t\t\t<a href='https:\/\/www.real.edu.ee\/ajaveeb\/arh138a\/2013\/02\/27\/sobrapaeva-stiilinadal\/imgp6938\/'><img loading=\"lazy\" decoding=\"async\" width=\"150\" height=\"150\" src=\"https:\/\/www.real.edu.ee\/ajaveeb\/arh138a\/files\/2013\/02\/IMGP6938-150x150.jpg\" class=\"attachment-thumbnail size-thumbnail\" alt=\"\" \/><\/a>\n\t\t\t<\/dt><\/dl><br style=\"clear: both\" \/><dl class='gallery-item'>\n\t\t\t<dt class='gallery-icon landscape'>\n\t\t\t\t<a href='https:\/\/www.real.edu.ee\/ajaveeb\/arh138a\/2013\/02\/27\/sobrapaeva-stiilinadal\/imgp6939\/'><img loading=\"lazy\" decoding=\"async\" width=\"150\" height=\"150\" src=\"https:\/\/www.real.edu.ee\/ajaveeb\/arh138a\/files\/2013\/02\/IMGP6939-150x150.jpg\" class=\"attachment-thumbnail size-thumbnail\" alt=\"\" \/><\/a>\n\t\t\t<\/dt><\/dl><dl class='gallery-item'>\n\t\t\t<dt class='gallery-icon landscape'>\n\t\t\t\t<a href='https:\/\/www.real.edu.ee\/ajaveeb\/arh138a\/2013\/02\/27\/sobrapaeva-stiilinadal\/imgp6940\/'><img loading=\"lazy\" decoding=\"async\" width=\"150\" height=\"150\" src=\"https:\/\/www.real.edu.ee\/ajaveeb\/arh138a\/files\/2013\/02\/IMGP6940-150x150.jpg\" class=\"attachment-thumbnail size-thumbnail\" alt=\"\" \/><\/a>\n\t\t\t<\/dt><\/dl>\n\t\t\t<br style='clear: both' \/>\n\t\t<\/div>\n\n","protected":false},"excerpt":{"rendered":"<p>11. veebr.- 15. veebr. toimus traditsiooniline stiilin\u00e4dal. Igal p\u00e4eval oli oma pealkiri, millele vastavalt pidi riietuma. Esmasp\u00e4ev&#8212;-\u00a0 M\u00e4ng on v\u00e4ikese inimese t\u00f6\u00f6. Teisip\u00e4ev&#8212;&#8212; Kui saabub \u00f6\u00f6. Kolmap\u00e4ev&#8212;- Aastaajad Neljap\u00e4ev&#8212;-Sina oled minu s\u00f5ber ( S\u00f5brad on riietatud \u00fchtemoodi) Reede&#8212;&#8212;&#8212;Lemmiktegelane lemmikraamatust<\/p>\n","protected":false},"author":39,"featured_media":0,"comment_status":"closed","ping_status":"open","sticky":false,"template":"","format":"standard","meta":{"footnotes":""},"categories":[4],"tags":[],"class_list":["post-342","post","type-post","status-publish","format-standard","hentry","category-2-klass"],"_links":{"self":[{"href":"https:\/\/www.real.edu.ee\/ajaveeb\/arh138a\/wp-json\/wp\/v2\/posts\/342","targetHints":{"allow":["GET"]}}],"collection":[{"href":"https:\/\/www.real.edu.ee\/ajaveeb\/arh138a\/wp-json\/wp\/v2\/posts"}],"about":[{"href":"https:\/\/www.real.edu.ee\/ajaveeb\/arh138a\/wp-json\/wp\/v2\/types\/post"}],"author":[{"embeddable":true,"href":"https:\/\/www.real.edu.ee\/ajaveeb\/arh138a\/wp-json\/wp\/v2\/users\/39"}],"replies":[{"embeddable":true,"href":"https:\/\/www.real.edu.ee\/ajaveeb\/arh138a\/wp-json\/wp\/v2\/comments?post=342"}],"version-history":[{"count":2,"href":"https:\/\/www.real.edu.ee\/ajaveeb\/arh138a\/wp-json\/wp\/v2\/posts\/342\/revisions"}],"predecessor-version":[{"id":349,"href":"https:\/\/www.real.edu.ee\/ajaveeb\/arh138a\/wp-json\/wp\/v2\/posts\/342\/revisions\/349"}],"wp:attachment":[{"href":"https:\/\/www.real.edu.ee\/ajaveeb\/arh138a\/wp-json\/wp\/v2\/media?parent=342"}],"wp:term":[{"taxonomy":"category","embeddable":true,"href":"https:\/\/www.real.edu.ee\/ajaveeb\/arh138a\/wp-json\/wp\/v2\/categories?post=342"},{"taxonomy":"post_tag","embeddable":true,"href":"https:\/\/www.real.edu.ee\/ajaveeb\/arh138a\/wp-json\/wp\/v2\/tags?post=342"}],"curies":[{"name":"wp","href":"https:\/\/api.w.org\/{rel}","templated":true}]}}