{"id":231,"date":"2012-06-13T11:11:36","date_gmt":"2012-06-13T11:11:36","guid":{"rendered":"http:\/\/www.real.edu.ee\/ajaveeb\/138a\/?p=231"},"modified":"2012-06-13T11:11:36","modified_gmt":"2012-06-13T11:11:36","slug":"head-suvepuhkust","status":"publish","type":"post","link":"https:\/\/www.real.edu.ee\/ajaveeb\/arh138a\/2012\/06\/13\/head-suvepuhkust\/","title":{"rendered":"HEAD  SUVEPUHKUST !"},"content":{"rendered":"<p>8. juunil tegime kokkuv\u00f5tteid esimesest kooliaastast. K\u00f5ik lapsed on v\u00e4ga tublid olnud.<\/p>\n<p>Aktus toimus staadionil, kus autasustati klasside parimaid \u00f5pilasi. Eduka \u00f5ppimise ja hea k\u00e4itumise eest\u00a0said kiituskirja \u00a01.A klassist: ELISABETH,\u00a0 EMMA,\u00a0 INGRID,\u00a0 PATRIK,\u00a0 ANTS-ERIK, ERKI, RASMUS, HOBART<\/p>\n<p><a href=\"http:\/\/www.real.edu.ee\/ajaveeb\/138a\/files\/2012\/06\/IMGP6068.jpg\"><img loading=\"lazy\" decoding=\"async\" class=\"alignnone size-medium wp-image-232\" src=\"http:\/\/www.real.edu.ee\/ajaveeb\/138a\/files\/2012\/06\/IMGP6068-300x225.jpg\" alt=\"\" width=\"300\" height=\"225\" srcset=\"https:\/\/www.real.edu.ee\/ajaveeb\/arh138a\/files\/2012\/06\/IMGP6068-300x225.jpg 300w, https:\/\/www.real.edu.ee\/ajaveeb\/arh138a\/files\/2012\/06\/IMGP6068-1024x768.jpg 1024w\" sizes=\"auto, (max-width: 300px) 100vw, 300px\" \/><\/a><\/p>\n","protected":false},"excerpt":{"rendered":"<p>8. juunil tegime kokkuv\u00f5tteid esimesest kooliaastast. K\u00f5ik lapsed on v\u00e4ga tublid olnud. Aktus toimus staadionil, kus autasustati klasside parimaid \u00f5pilasi. Eduka \u00f5ppimise ja hea k\u00e4itumise eest\u00a0said kiituskirja \u00a01.A klassist: ELISABETH,\u00a0 EMMA,\u00a0 INGRID,\u00a0 PATRIK,\u00a0 ANTS-ERIK, ERKI, RASMUS, HOBART<\/p>\n","protected":false},"author":39,"featured_media":0,"comment_status":"closed","ping_status":"open","sticky":false,"template":"","format":"standard","meta":{"footnotes":""},"categories":[3],"tags":[],"class_list":["post-231","post","type-post","status-publish","format-standard","hentry","category-1-klass"],"_links":{"self":[{"href":"https:\/\/www.real.edu.ee\/ajaveeb\/arh138a\/wp-json\/wp\/v2\/posts\/231","targetHints":{"allow":["GET"]}}],"collection":[{"href":"https:\/\/www.real.edu.ee\/ajaveeb\/arh138a\/wp-json\/wp\/v2\/posts"}],"about":[{"href":"https:\/\/www.real.edu.ee\/ajaveeb\/arh138a\/wp-json\/wp\/v2\/types\/post"}],"author":[{"embeddable":true,"href":"https:\/\/www.real.edu.ee\/ajaveeb\/arh138a\/wp-json\/wp\/v2\/users\/39"}],"replies":[{"embeddable":true,"href":"https:\/\/www.real.edu.ee\/ajaveeb\/arh138a\/wp-json\/wp\/v2\/comments?post=231"}],"version-history":[{"count":3,"href":"https:\/\/www.real.edu.ee\/ajaveeb\/arh138a\/wp-json\/wp\/v2\/posts\/231\/revisions"}],"predecessor-version":[{"id":238,"href":"https:\/\/www.real.edu.ee\/ajaveeb\/arh138a\/wp-json\/wp\/v2\/posts\/231\/revisions\/238"}],"wp:attachment":[{"href":"https:\/\/www.real.edu.ee\/ajaveeb\/arh138a\/wp-json\/wp\/v2\/media?parent=231"}],"wp:term":[{"taxonomy":"category","embeddable":true,"href":"https:\/\/www.real.edu.ee\/ajaveeb\/arh138a\/wp-json\/wp\/v2\/categories?post=231"},{"taxonomy":"post_tag","embeddable":true,"href":"https:\/\/www.real.edu.ee\/ajaveeb\/arh138a\/wp-json\/wp\/v2\/tags?post=231"}],"curies":[{"name":"wp","href":"https:\/\/api.w.org\/{rel}","templated":true}]}}