{"id":1681,"date":"2020-01-05T20:16:06","date_gmt":"2020-01-05T20:16:06","guid":{"rendered":"http:\/\/www.real.edu.ee\/ajaveeb\/138a\/?p=1681"},"modified":"2020-01-05T20:16:06","modified_gmt":"2020-01-05T20:16:06","slug":"talvekontsert","status":"publish","type":"post","link":"https:\/\/www.real.edu.ee\/ajaveeb\/arh138a\/2020\/01\/05\/talvekontsert\/","title":{"rendered":"Talvekontsert"},"content":{"rendered":"<p><span style=\"font-weight: 400\">Esmasp\u00e4eval, 16. detsembril toimus Estonia Kontserdisaalis Tallinna Reaalkooli talvekontsert \u201eL\u00e4bi lume sahiseva.\u201d Laval n\u00e4itasid oma oskuseid 1. &#8211; 12. klassi \u00f5pilased, kes olid selleks juba mitu kuud valmistunud. Sai n\u00e4ha nii tantsu, laulu kui ka pillim\u00e4ngu ning kontserdi l\u00f5petuseks esitasid k\u00f5ik esinejad koos \u201eL\u00e4bi lume sahiseva.\u201d Hiljem pealtvaatajate k\u00e4est k\u00fcsides, tundus, et k\u00f5igile v\u00e4ga meeldis ja ka esinejad ise j\u00e4id rahule. Meie klassist esinesid lastekooriga Tuule, Helena ja Kristiina. <\/span><\/p>\n<p>Kirjutas:\u00a0 Kristiina<\/p>\n","protected":false},"excerpt":{"rendered":"<p>Esmasp\u00e4eval, 16. detsembril toimus Estonia Kontserdisaalis Tallinna Reaalkooli talvekontsert \u201eL\u00e4bi lume sahiseva.\u201d Laval n\u00e4itasid oma oskuseid 1. &#8211; 12. klassi \u00f5pilased, kes olid selleks juba mitu kuud valmistunud. Sai n\u00e4ha nii tantsu, laulu kui ka pillim\u00e4ngu ning kontserdi l\u00f5petuseks esitasid k\u00f5ik esinejad koos \u201eL\u00e4bi lume sahiseva.\u201d Hiljem pealtvaatajate k\u00e4est k\u00fcsides, tundus, et k\u00f5igile v\u00e4ga meeldis [&hellip;]<\/p>\n","protected":false},"author":145,"featured_media":0,"comment_status":"closed","ping_status":"open","sticky":false,"template":"","format":"standard","meta":{"footnotes":""},"categories":[11],"tags":[],"class_list":["post-1681","post","type-post","status-publish","format-standard","hentry","category-9-kl"],"_links":{"self":[{"href":"https:\/\/www.real.edu.ee\/ajaveeb\/arh138a\/wp-json\/wp\/v2\/posts\/1681","targetHints":{"allow":["GET"]}}],"collection":[{"href":"https:\/\/www.real.edu.ee\/ajaveeb\/arh138a\/wp-json\/wp\/v2\/posts"}],"about":[{"href":"https:\/\/www.real.edu.ee\/ajaveeb\/arh138a\/wp-json\/wp\/v2\/types\/post"}],"author":[{"embeddable":true,"href":"https:\/\/www.real.edu.ee\/ajaveeb\/arh138a\/wp-json\/wp\/v2\/users\/145"}],"replies":[{"embeddable":true,"href":"https:\/\/www.real.edu.ee\/ajaveeb\/arh138a\/wp-json\/wp\/v2\/comments?post=1681"}],"version-history":[{"count":1,"href":"https:\/\/www.real.edu.ee\/ajaveeb\/arh138a\/wp-json\/wp\/v2\/posts\/1681\/revisions"}],"predecessor-version":[{"id":1682,"href":"https:\/\/www.real.edu.ee\/ajaveeb\/arh138a\/wp-json\/wp\/v2\/posts\/1681\/revisions\/1682"}],"wp:attachment":[{"href":"https:\/\/www.real.edu.ee\/ajaveeb\/arh138a\/wp-json\/wp\/v2\/media?parent=1681"}],"wp:term":[{"taxonomy":"category","embeddable":true,"href":"https:\/\/www.real.edu.ee\/ajaveeb\/arh138a\/wp-json\/wp\/v2\/categories?post=1681"},{"taxonomy":"post_tag","embeddable":true,"href":"https:\/\/www.real.edu.ee\/ajaveeb\/arh138a\/wp-json\/wp\/v2\/tags?post=1681"}],"curies":[{"name":"wp","href":"https:\/\/api.w.org\/{rel}","templated":true}]}}