{"id":1659,"date":"2019-10-28T17:07:06","date_gmt":"2019-10-28T17:07:06","guid":{"rendered":"http:\/\/www.real.edu.ee\/ajaveeb\/138a\/?p=1659"},"modified":"2019-10-28T17:19:27","modified_gmt":"2019-10-28T17:19:27","slug":"konkursireis-itaaliasse","status":"publish","type":"post","link":"https:\/\/www.real.edu.ee\/ajaveeb\/arh138a\/2019\/10\/28\/konkursireis-itaaliasse\/","title":{"rendered":"Konkursireis Itaaliasse"},"content":{"rendered":"<p style=\"text-align: center;padding-left: 40px\"><span style=\"font-weight: 400\">Esimese veerandi viimasel koolin\u00e4dalal k\u00e4isid meie klassist neli t\u00fcdrukut Kristiina, Emma, Helena ja Tuule koos kooristuudio t\u00fctarlastekooriga konkursil Itaalias Riva del Gardas.<\/span><span style=\"font-weight: 400\">Reedel (11.okt) varahommikul koguneti lennujaamas ning s\u00f5ideti lennukiga l\u00e4bi Frankfurdi Milanosse. Kohale j\u00f5udes oli ilm k\u00fcll veidi pilvine aga temperatuur siiski m\u00f5nus ja soe. Milanos toimus meil linnaekskursioon, kus k\u00fclastasime La Scala Muuseumi, Toomkirikut, jm. J\u00e4eti ka veidi vaba aega ning saime v\u00e4ikeste puntidena s\u00f6\u00f6mas k\u00e4ia ja ise ringi vaadata. Linn oli t\u00f5esti ilus ja v\u00e4ga elav. \u00d5htuks s\u00f5idutati meid bussiga Riva del Gardasse, kus majutusime hotellis Everest Arco, milles veetsime viis j\u00e4rgmist \u00f6\u00f6d.\u00a0<\/span><span style=\"font-weight: 400\">Laup\u00e4eva hommikul saime ennast v\u00e4lja magada, s\u00f5ime hotellis hommikus\u00f6\u00f6ki ning tegime lauluproovi. Jalutasime hommikupoolikul\u00a0 Arco kesklinna, kus s\u00f5ime iseseisvalt l\u00f5unas\u00f6\u00f6gi. Peale seda s\u00f5idutati meid Riva del Gardasse osalejate rongk\u00e4igule.Seal kohtusime teiste osalejatega, kes erinevatelt maadelt kohale olid tulnud. Veel saime teadlikuks asjaolust, et olime ainus lastekoor. Rongk\u00e4ik kulges hoogsalt ja l\u00f5busalt, kuid sai \u00fcpris kiiresti l\u00e4bi. K\u00f5ndisime l\u00e4bi m\u00f5ned linnat\u00e4navad ning kogunesime l\u00f5puks koos v\u00e4iksele v\u00e4ljakule, kus proovisime koos laulu \u00fcles v\u00f5tta. Vahepeal k\u00e4isime ka konkursile registreerumas ning l\u00e4ksime seej\u00e4rel hotelli \u00f5htus\u00f6\u00f6ki s\u00f6\u00f6ma. Peale \u00f5htustamist viidi meid kohe bussiga konkursi avakontserdile, mis toimus veidike kirikut meenutavas auditooriumis nimega Chiesa San Giuseppe.<\/span><span style=\"font-weight: 400\">\u00a0Avakontserdil esinesid m\u00f5ned koorid ning me k\u00f5ik olime v\u00e4ga vaimustunud. K\u00f5ik osalejad olid tasemel ja seda oli v\u00e4ga ilus kuulata.<\/span><span style=\"font-weight: 400\">P\u00fchap\u00e4ev oli meie jaoks t\u00e4htis kuna toimus konkursi esimene proov ja meie esimene esinemine. Niisiis peale hommikus\u00f6\u00f6ki, lahtilaulmist ja proovi hotellis jalutasime me konkursipaika Casino Arcosse, kus toimus meil k\u00f5igepealt lavaproov ning veidike peale kella nelja oligi meie esinemiskord. Esitasime laule \u201cVeni Domine\u201d, \u201cVares, vaga linnukene\u201d, \u201c\u00d5nn ei tule pikutades\u201d, \u201cMaa, mida armastan.\u201d Peale esinemist oli tunne hea ning j\u00e4ime k\u00f5ik sellega rahule.<\/span><span style=\"font-weight: 400\">Esmasp\u00e4eval k\u00fclastasime hommikul Arcot. Mindi v\u00e4ikesele matkale Arco lossi, seej\u00e4rel k\u00fclastasime botaanikaaeda ning saime kuuma ilma t\u00f5ttu (oli\u00a0 u 26 kraadi) meie hotelli basseinis ujumas k\u00e4ia. <\/span><span style=\"font-weight: 400\">P\u00e4eva tipps\u00fcndmuseks oli\u00a0 kontserdikavaga esinemine, kus koorid said \u00fcksteist kuulata ja nautida. K\u00f5ige meeldej\u00e4\u00e4vam oli sellest \u00f5htust meie lisaesitus. Nimelt l\u00e4ksime peale \u00fcrituse l\u00f5ppu kooriga lavale pildistama, kui j\u00e4rsku kogu saalist lahkuv publik plaksutama ja lisalugu n\u00f5udma hakkas. L\u00f5puks elas ka kogu meie koor sellele kaasa ning meie dirigent Heli Roos j\u00e4i sellega ka n\u00f5usse. Laulsime lisalauluks \u201c\u00d5nn ei tule pikutades\u201d ning see l\u00e4ks nii meile kui ka publikule v\u00e4ga peale. Peale emotsionaalset esinemist l\u00e4ksime hotelli \u00f5htustama. Kuid enne hotelli saabumist saime v\u00e4ga r\u00f5\u00f5msa uudise osaliseks. Saime teada, et meie koor oli p\u00e4\u00e4senud Grand Prize-le ja see tuli meile v\u00e4ga suureks \u00fcllatuseks.<\/span><span style=\"font-weight: 400\">Teisip\u00e4eva hommikul k\u00e4isime ise Riva del Garas ringi ning kell kaheksa algaski Grand Prize konkursi l\u00f5putseremoonia. Tegime enne veel m\u00f5ned proovid ning muudatused ja l\u00e4ksime kindlal sammul esinema. Esitasime laulud \u201c\u00d5htu ilu\u201d, \u201cKiige katsumine\u201d, \u201cKadritants\u201d ja \u201cP\u00e4ev l\u00e4heb puudele punane\u201d. Me j\u00e4ime oma esitusega enamv\u00e4hem rahule, sest meid teiste kooridega v\u00f5rrelda oligi raske. Kuid kindlasti \u00f5ppisime teistelt kooridelt v\u00e4ga palju nii h\u00e4\u00e4lte, esinemisoskuse ja palju muu kohta. Peale k\u00f5iki esitusi v\u00f5ttis z\u00fcrii oma aja ning siis toimus autasustamine. Punktide jagamine oli \u00fcsna segane, kuid teada on, et meie oma kategoorias v\u00f5itsime (mis sest et olime ka ainsad kategoorias). K\u00fcll aga olime \u00fcllatunud m\u00f5ne teise koori autasu kohas (n\u00e4iteks ei p\u00e4\u00e4senud GP-le meie lemmikkoor briti l\u00f5busad lauljad) R\u00f5\u00f5msalt, kuid ka kurnatuna naasesime hotelli \u00f5huts\u00f6\u00f6ki nautima.<\/span><span style=\"font-weight: 400\">Kolmap\u00e4eval alustasime \u00e4ras\u00f5itu Veneetsiasse. Esimese peatuse tegime Veronas, kus toimus meil linnaekskursioon t\u00f5eliselt imelise ja huvitava giidiga, kes r\u00e4\u00e4kis meile Verona p\u00f5nevast minevikust, inimestest, majadest\u00a0 ja muust (saime t\u00e4psemalt teada ka Romeo ja Julia loo kohta). Seej\u00e4rel j\u00f5udsime Veneetsiasse, kus majutusime hotellis San Carlo. Pealel\u00f5unal l\u00e4ksime koos trammiga ja vaporettoga (veetramm) Veneetsiat avastama. Kulgesime veetrammiga m\u00f6\u00f6da suurt kanalit Markuse v\u00e4ljakuni, n\u00e4gime veel Doozide paleed, Ohete silda, Rialto silda ja palju teisi huvitavaid kohti. Meile j\u00e4eti ka vaba aega, et iseseisvalt s\u00f6\u00f6mas ja poodlemas k\u00e4ia. <\/span><span style=\"font-weight: 400\">Neljap\u00e4eva hommikul l\u00e4ksime meie oma v\u00e4ikese pundiga (Tuule, Kristiina, Emma, Helena) iseseisvalt Veneetsiat avastama. Meil oli rohkelt vaba aega ning otsustasime seekord veetrammiga minemise asemel jala minna, et saaks n\u00e4ha uusi t\u00e4navaid, poekesi. K\u00e4isime koos s\u00f6\u00f6mas, kiikasime sisse v\u00e4ikestesse poekestesse, kust m\u00f5ni endale midagi ka kaasa soetas. V\u00f5tsime Itaaliast viimast, mis veel v\u00f5tta oli. Kella nelja paiku saabus meile transfeer hotellist lennujaama ja pidimegi v\u00f5luva Veneetsiaga h\u00fcvasti j\u00e4tma. Tagasi s\u00f5itsime taaskord lennukiga l\u00e4bi Frankfurdi ning \u00f6\u00f6sel kella poole \u00fche paiku olime tagasi Tallinnas.<\/span><span style=\"font-weight: 400\">Sooviksime veelkord esitada suure, suure t\u00e4nu meie reisikorraldajatele ja \u00f5petajatele Helile ja Mariele ning kindlasti ka meie kontsertmeistrile \u00d5nne-Ann. T\u00e4nu neile ja ka teistele noortele saime k\u00f5ik kogemuse v\u00f5rra rikkamaks. See oli \u00fcks v\u00e4ga meeldej\u00e4\u00e4v reis. Ait\u00e4h!<\/span><!--more--><\/p>\n<p>Kirjutas: Tuule<\/p>\n<p><img loading=\"lazy\" decoding=\"async\" class=\"\" src=\"https:\/\/scontent-hel2-1.xx.fbcdn.net\/v\/t1.15752-9\/s2048x2048\/74216674_1077777179231114_2553381069906771968_n.jpg?_nc_cat=103&amp;_nc_oc=AQnpzlsO69-jFa8jDwMCHg5mUQ2yqswcGLJ3US-IPecGoqT7daXriVYij74EbDzd4BU&amp;_nc_ht=scontent-hel2-1.xx&amp;oh=02cf25f3d64e12c301b6bded5ad6b593&amp;oe=5E26376A\" width=\"378\" height=\"284\" \/><\/p>\n<p><span style=\"font-weight: 400\">Auditoorium Chiesa San Giuseppe, kus toimus avakontsert ning Grand Prize l\u00f5putseremoonia.<\/span><\/p>\n<p><img loading=\"lazy\" decoding=\"async\" class=\"\" src=\"https:\/\/scontent-hel2-1.xx.fbcdn.net\/v\/t1.15752-9\/72972253_2417139355069552_7714393341068050432_n.jpg?_nc_cat=105&amp;_nc_oc=AQlXYa2ZwIq5tpKiWas4h2X4S_TyJNk3c05BcRuN2QBFww-q3QOE4fXS4c3ODQg0rAM&amp;_nc_ht=scontent-hel2-1.xx&amp;oh=f41b2c20c242bde38690515eb95887ef&amp;oe=5E1EAEE3\" width=\"307\" height=\"410\" \/>Toomkirik<\/p>\n<p><img loading=\"lazy\" decoding=\"async\" class=\"\" src=\"https:\/\/scontent-hel2-1.xx.fbcdn.net\/v\/t1.15752-9\/72854813_1211245725736286_6960835535073968128_n.jpg?_nc_cat=107&amp;_nc_oc=AQnrywuKYpW9IsizPohOFKOgh7mpSojh-AV3Fgo0420qGKa7j2bcboPhRrrq2njk8Ck&amp;_nc_ht=scontent-hel2-1.xx&amp;oh=895c5b47d0755ad92676c721d6aaebb7&amp;oe=5E605EA9\" width=\"363\" height=\"484\" \/>Ohete sild<\/p>\n<p><img loading=\"lazy\" decoding=\"async\" class=\"\" src=\"https:\/\/scontent-hel2-1.xx.fbcdn.net\/v\/t1.15752-9\/75443093_491819341411257_3115116032914620416_n.jpg?_nc_cat=105&amp;_nc_oc=AQmOo_kq0pOAQH29J4yjJBZDnBZB7KjgYEz3TCKoqR39nUE59e0c50r-ZbWwnANeSkk&amp;_nc_ht=scontent-hel2-1.xx&amp;oh=3b59f6dec5d5953ab15c8c7b42d06ebb&amp;oe=5E169B2F\" width=\"414\" height=\"552\" \/>Veneetsia kanalid<\/p>\n<p><img loading=\"lazy\" decoding=\"async\" class=\"\" src=\"https:\/\/scontent-hel2-1.xx.fbcdn.net\/v\/t1.15752-9\/74908143_2519631514933045_1058626683034140672_n.jpg?_nc_cat=107&amp;_nc_oc=AQmsP5rvg7Hmu_y69IiM4U1MbB9ShVyQKYYZ6KfTuDu365Usb7ndcUn845QLHLroOYA&amp;_nc_ht=scontent-hel2-1.xx&amp;oh=e30d7725ef5e1cc4dac2c363948e7532&amp;oe=5E5A062C\" width=\"390\" height=\"520\" \/><\/p>\n","protected":false},"excerpt":{"rendered":"<p>Esimese veerandi viimasel koolin\u00e4dalal k\u00e4isid meie klassist neli t\u00fcdrukut Kristiina, Emma, Helena ja Tuule koos kooristuudio t\u00fctarlastekooriga konkursil Itaalias Riva del Gardas.Reedel (11.okt) varahommikul koguneti lennujaamas ning s\u00f5ideti lennukiga l\u00e4bi Frankfurdi Milanosse. Kohale j\u00f5udes oli ilm k\u00fcll veidi pilvine aga temperatuur siiski m\u00f5nus ja soe. Milanos toimus meil linnaekskursioon, kus k\u00fclastasime La Scala Muuseumi, Toomkirikut, [&hellip;]<\/p>\n","protected":false},"author":145,"featured_media":0,"comment_status":"closed","ping_status":"open","sticky":false,"template":"","format":"standard","meta":{"footnotes":""},"categories":[11],"tags":[],"class_list":["post-1659","post","type-post","status-publish","format-standard","hentry","category-9-kl"],"_links":{"self":[{"href":"https:\/\/www.real.edu.ee\/ajaveeb\/arh138a\/wp-json\/wp\/v2\/posts\/1659","targetHints":{"allow":["GET"]}}],"collection":[{"href":"https:\/\/www.real.edu.ee\/ajaveeb\/arh138a\/wp-json\/wp\/v2\/posts"}],"about":[{"href":"https:\/\/www.real.edu.ee\/ajaveeb\/arh138a\/wp-json\/wp\/v2\/types\/post"}],"author":[{"embeddable":true,"href":"https:\/\/www.real.edu.ee\/ajaveeb\/arh138a\/wp-json\/wp\/v2\/users\/145"}],"replies":[{"embeddable":true,"href":"https:\/\/www.real.edu.ee\/ajaveeb\/arh138a\/wp-json\/wp\/v2\/comments?post=1659"}],"version-history":[{"count":3,"href":"https:\/\/www.real.edu.ee\/ajaveeb\/arh138a\/wp-json\/wp\/v2\/posts\/1659\/revisions"}],"predecessor-version":[{"id":1662,"href":"https:\/\/www.real.edu.ee\/ajaveeb\/arh138a\/wp-json\/wp\/v2\/posts\/1659\/revisions\/1662"}],"wp:attachment":[{"href":"https:\/\/www.real.edu.ee\/ajaveeb\/arh138a\/wp-json\/wp\/v2\/media?parent=1659"}],"wp:term":[{"taxonomy":"category","embeddable":true,"href":"https:\/\/www.real.edu.ee\/ajaveeb\/arh138a\/wp-json\/wp\/v2\/categories?post=1659"},{"taxonomy":"post_tag","embeddable":true,"href":"https:\/\/www.real.edu.ee\/ajaveeb\/arh138a\/wp-json\/wp\/v2\/tags?post=1659"}],"curies":[{"name":"wp","href":"https:\/\/api.w.org\/{rel}","templated":true}]}}