{"id":1625,"date":"2019-10-04T17:16:00","date_gmt":"2019-10-04T17:16:00","guid":{"rendered":"http:\/\/www.real.edu.ee\/ajaveeb\/138a\/?p=1625"},"modified":"2019-10-05T12:11:55","modified_gmt":"2019-10-05T12:11:55","slug":"reaalkool-138","status":"publish","type":"post","link":"https:\/\/www.real.edu.ee\/ajaveeb\/arh138a\/2019\/10\/04\/reaalkool-138\/","title":{"rendered":"Reaalkool 138!"},"content":{"rendered":"<p>Kooli s\u00fcnnip\u00e4ev on 29.septembril. Sel aastal pidasime aga s\u00fcnnip\u00e4eva 30. septembril. Kuna oleme 9. klass ja see on meie viimane \u00fchine \u00f5ppeaasta, k\u00e4isid meiega r\u00e4\u00e4kimas 127. lennu vilistlased, kes enamusi meist kaheksa aastat tagasi, meie esimesel koolip\u00e4eval, aktusele viisid ja koolimaja tutvustasid. Tehti ka pilte koos vilistlastega. Staadionil kuulasime direktori k\u00f5net ja s\u00f5ime Katariina valmistatud \u00fclihead k\u00fcpsisetorti. Kokkuv\u00f5tteks oli tore p\u00e4ev.<\/p>\n<p>Kirjutas: Milena<\/p>\n<div id=\"attachment_1635\" style=\"width: 310px\" class=\"wp-caption aligncenter\"><a href=\"http:\/\/www.real.edu.ee\/ajaveeb\/138a\/files\/2019\/10\/1274.jpg\"><img loading=\"lazy\" decoding=\"async\" aria-describedby=\"caption-attachment-1635\" class=\"size-medium wp-image-1635\" src=\"http:\/\/www.real.edu.ee\/ajaveeb\/138a\/files\/2019\/10\/1274-300x200.jpg\" alt=\"\" width=\"300\" height=\"200\" srcset=\"https:\/\/www.real.edu.ee\/ajaveeb\/arh138a\/files\/2019\/10\/1274-300x200.jpg 300w, https:\/\/www.real.edu.ee\/ajaveeb\/arh138a\/files\/2019\/10\/1274-768x512.jpg 768w, https:\/\/www.real.edu.ee\/ajaveeb\/arh138a\/files\/2019\/10\/1274-1024x683.jpg 1024w\" sizes=\"auto, (max-width: 300px) 100vw, 300px\" \/><\/a><p id=\"caption-attachment-1635\" class=\"wp-caption-text\">1.september 2011<\/p><\/div>\n<div id=\"attachment_1631\" style=\"width: 310px\" class=\"wp-caption aligncenter\"><a href=\"http:\/\/www.real.edu.ee\/ajaveeb\/138a\/files\/2019\/10\/DSC_0753.jpg\"><img loading=\"lazy\" decoding=\"async\" aria-describedby=\"caption-attachment-1631\" class=\"size-medium wp-image-1631\" src=\"http:\/\/www.real.edu.ee\/ajaveeb\/138a\/files\/2019\/10\/DSC_0753-300x225.jpg\" alt=\"\" width=\"300\" height=\"225\" srcset=\"https:\/\/www.real.edu.ee\/ajaveeb\/arh138a\/files\/2019\/10\/DSC_0753-300x225.jpg 300w, https:\/\/www.real.edu.ee\/ajaveeb\/arh138a\/files\/2019\/10\/DSC_0753-768x576.jpg 768w, https:\/\/www.real.edu.ee\/ajaveeb\/arh138a\/files\/2019\/10\/DSC_0753-1024x768.jpg 1024w\" sizes=\"auto, (max-width: 300px) 100vw, 300px\" \/><\/a><p id=\"caption-attachment-1631\" class=\"wp-caption-text\">8.aastat hiljem<\/p><\/div>\n<div id=\"attachment_1633\" style=\"width: 310px\" class=\"wp-caption aligncenter\"><a href=\"http:\/\/www.real.edu.ee\/ajaveeb\/138a\/files\/2019\/10\/DSC_0759.jpg\"><img loading=\"lazy\" decoding=\"async\" aria-describedby=\"caption-attachment-1633\" class=\"size-medium wp-image-1633\" src=\"http:\/\/www.real.edu.ee\/ajaveeb\/138a\/files\/2019\/10\/DSC_0759-300x225.jpg\" alt=\"\" width=\"300\" height=\"225\" srcset=\"https:\/\/www.real.edu.ee\/ajaveeb\/arh138a\/files\/2019\/10\/DSC_0759-300x225.jpg 300w, https:\/\/www.real.edu.ee\/ajaveeb\/arh138a\/files\/2019\/10\/DSC_0759-768x576.jpg 768w, https:\/\/www.real.edu.ee\/ajaveeb\/arh138a\/files\/2019\/10\/DSC_0759-1024x768.jpg 1024w\" sizes=\"auto, (max-width: 300px) 100vw, 300px\" \/><\/a><p id=\"caption-attachment-1633\" class=\"wp-caption-text\">127.lennu vilistlased<\/p><\/div>\n<div id=\"attachment_1638\" style=\"width: 310px\" class=\"wp-caption aligncenter\"><a href=\"http:\/\/www.real.edu.ee\/ajaveeb\/138a\/files\/2019\/10\/IMG_0573-1.jpg\"><img loading=\"lazy\" decoding=\"async\" aria-describedby=\"caption-attachment-1638\" class=\"size-medium wp-image-1638\" src=\"http:\/\/www.real.edu.ee\/ajaveeb\/138a\/files\/2019\/10\/IMG_0573-1-300x225.jpg\" alt=\"\" width=\"300\" height=\"225\" srcset=\"https:\/\/www.real.edu.ee\/ajaveeb\/arh138a\/files\/2019\/10\/IMG_0573-1-300x225.jpg 300w, https:\/\/www.real.edu.ee\/ajaveeb\/arh138a\/files\/2019\/10\/IMG_0573-1-768x576.jpg 768w, https:\/\/www.real.edu.ee\/ajaveeb\/arh138a\/files\/2019\/10\/IMG_0573-1-1024x768.jpg 1024w\" sizes=\"auto, (max-width: 300px) 100vw, 300px\" \/><\/a><p id=\"caption-attachment-1638\" class=\"wp-caption-text\">1.september 2011 Ants Erik ja Katariina abiturientidega<\/p><\/div>\n<div id=\"attachment_1637\" style=\"width: 310px\" class=\"wp-caption aligncenter\"><a href=\"http:\/\/www.real.edu.ee\/ajaveeb\/138a\/files\/2019\/10\/DSC_0774.jpg\"><img loading=\"lazy\" decoding=\"async\" aria-describedby=\"caption-attachment-1637\" class=\"size-medium wp-image-1637\" src=\"http:\/\/www.real.edu.ee\/ajaveeb\/138a\/files\/2019\/10\/DSC_0774-300x225.jpg\" alt=\"\" width=\"300\" height=\"225\" srcset=\"https:\/\/www.real.edu.ee\/ajaveeb\/arh138a\/files\/2019\/10\/DSC_0774-300x225.jpg 300w, https:\/\/www.real.edu.ee\/ajaveeb\/arh138a\/files\/2019\/10\/DSC_0774-768x576.jpg 768w, https:\/\/www.real.edu.ee\/ajaveeb\/arh138a\/files\/2019\/10\/DSC_0774-1024x768.jpg 1024w\" sizes=\"auto, (max-width: 300px) 100vw, 300px\" \/><\/a><p id=\"caption-attachment-1637\" class=\"wp-caption-text\">Katariina 138.a Eva ja Carolin 127.c<\/p><\/div>\n<div id=\"attachment_1634\" style=\"width: 310px\" class=\"wp-caption aligncenter\"><a href=\"http:\/\/www.real.edu.ee\/ajaveeb\/138a\/files\/2019\/10\/DSC_0772.jpg\"><img loading=\"lazy\" decoding=\"async\" aria-describedby=\"caption-attachment-1634\" class=\"size-medium wp-image-1634\" src=\"http:\/\/www.real.edu.ee\/ajaveeb\/138a\/files\/2019\/10\/DSC_0772-300x225.jpg\" alt=\"\" width=\"300\" height=\"225\" srcset=\"https:\/\/www.real.edu.ee\/ajaveeb\/arh138a\/files\/2019\/10\/DSC_0772-300x225.jpg 300w, https:\/\/www.real.edu.ee\/ajaveeb\/arh138a\/files\/2019\/10\/DSC_0772-768x576.jpg 768w, https:\/\/www.real.edu.ee\/ajaveeb\/arh138a\/files\/2019\/10\/DSC_0772-1024x768.jpg 1024w\" sizes=\"auto, (max-width: 300px) 100vw, 300px\" \/><\/a><p id=\"caption-attachment-1634\" class=\"wp-caption-text\">Ants Erik 138.a ja Kristen 127.c<\/p><\/div>\n<p><a href=\"http:\/\/www.real.edu.ee\/ajaveeb\/138a\/files\/2019\/10\/DSC_0778.jpg\"><img loading=\"lazy\" decoding=\"async\" class=\"aligncenter size-medium wp-image-1632\" src=\"http:\/\/www.real.edu.ee\/ajaveeb\/138a\/files\/2019\/10\/DSC_0778-300x225.jpg\" alt=\"\" width=\"300\" height=\"225\" srcset=\"https:\/\/www.real.edu.ee\/ajaveeb\/arh138a\/files\/2019\/10\/DSC_0778-300x225.jpg 300w, https:\/\/www.real.edu.ee\/ajaveeb\/arh138a\/files\/2019\/10\/DSC_0778-768x576.jpg 768w, https:\/\/www.real.edu.ee\/ajaveeb\/arh138a\/files\/2019\/10\/DSC_0778-1024x768.jpg 1024w\" sizes=\"auto, (max-width: 300px) 100vw, 300px\" \/><\/a><\/p>\n","protected":false},"excerpt":{"rendered":"<p>Kooli s\u00fcnnip\u00e4ev on 29.septembril. Sel aastal pidasime aga s\u00fcnnip\u00e4eva 30. septembril. Kuna oleme 9. klass ja see on meie viimane \u00fchine \u00f5ppeaasta, k\u00e4isid meiega r\u00e4\u00e4kimas 127. lennu vilistlased, kes enamusi meist kaheksa aastat tagasi, meie esimesel koolip\u00e4eval, aktusele viisid ja koolimaja tutvustasid. Tehti ka pilte koos vilistlastega. Staadionil kuulasime direktori k\u00f5net ja s\u00f5ime Katariina valmistatud [&hellip;]<\/p>\n","protected":false},"author":145,"featured_media":0,"comment_status":"closed","ping_status":"open","sticky":false,"template":"","format":"standard","meta":{"footnotes":""},"categories":[11],"tags":[],"class_list":["post-1625","post","type-post","status-publish","format-standard","hentry","category-9-kl"],"_links":{"self":[{"href":"https:\/\/www.real.edu.ee\/ajaveeb\/arh138a\/wp-json\/wp\/v2\/posts\/1625","targetHints":{"allow":["GET"]}}],"collection":[{"href":"https:\/\/www.real.edu.ee\/ajaveeb\/arh138a\/wp-json\/wp\/v2\/posts"}],"about":[{"href":"https:\/\/www.real.edu.ee\/ajaveeb\/arh138a\/wp-json\/wp\/v2\/types\/post"}],"author":[{"embeddable":true,"href":"https:\/\/www.real.edu.ee\/ajaveeb\/arh138a\/wp-json\/wp\/v2\/users\/145"}],"replies":[{"embeddable":true,"href":"https:\/\/www.real.edu.ee\/ajaveeb\/arh138a\/wp-json\/wp\/v2\/comments?post=1625"}],"version-history":[{"count":4,"href":"https:\/\/www.real.edu.ee\/ajaveeb\/arh138a\/wp-json\/wp\/v2\/posts\/1625\/revisions"}],"predecessor-version":[{"id":1639,"href":"https:\/\/www.real.edu.ee\/ajaveeb\/arh138a\/wp-json\/wp\/v2\/posts\/1625\/revisions\/1639"}],"wp:attachment":[{"href":"https:\/\/www.real.edu.ee\/ajaveeb\/arh138a\/wp-json\/wp\/v2\/media?parent=1625"}],"wp:term":[{"taxonomy":"category","embeddable":true,"href":"https:\/\/www.real.edu.ee\/ajaveeb\/arh138a\/wp-json\/wp\/v2\/categories?post=1625"},{"taxonomy":"post_tag","embeddable":true,"href":"https:\/\/www.real.edu.ee\/ajaveeb\/arh138a\/wp-json\/wp\/v2\/tags?post=1625"}],"curies":[{"name":"wp","href":"https:\/\/api.w.org\/{rel}","templated":true}]}}