{"id":1554,"date":"2019-05-08T16:14:57","date_gmt":"2019-05-08T16:14:57","guid":{"rendered":"http:\/\/www.real.edu.ee\/ajaveeb\/138a\/?p=1554"},"modified":"2019-06-14T10:12:53","modified_gmt":"2019-06-14T10:12:53","slug":"laulupidu-150-aastat-tagasi","status":"publish","type":"post","link":"https:\/\/www.real.edu.ee\/ajaveeb\/arh138a\/2019\/05\/08\/laulupidu-150-aastat-tagasi\/","title":{"rendered":"Laulupidu 150 aastat tagasi"},"content":{"rendered":"\n<p style=\"background-color:#7adccd\" class=\"has-background\">2.mail toimus meie koolis ajar\u00e4nnak, millest v\u00f5tsid osa k\u00f5ik klassid.  R\u00e4ndasime esimese laulupeo aega. Meie p\u00e4ev algas kell 9.00 kooli aulas aktusega, kus v\u00f5ttis s\u00f5na direktor. Samuti v\u00f5tsid aktusel s\u00f5na  m\u00f5ned teised \u00f5petajad. Nemad etendasid aktusel inimesi, kes olid t\u00e4htsad esimese laulupeo korraldamisel.  N\u00e4iteks \u00f5petaja Marko Reedik etendas Johann Voldemar Jannsenit ja \u00f5petaja Reivo Maasik etendas Carl Robert Jakobsoni. P\u00e4rast aktust olid meil m\u00f5ned vanaaegsed koolitunnid. N\u00e4iteks ajaloos me r\u00e4\u00e4kisimegi k\u00f5igi nende inimeste t\u00e4htsusest, kes laulupidu tol ajal korraldasid. Kui see v\u00e4ga p\u00f5hjalik ja p\u00f5nevust t\u00e4is tund l\u00e4bi sai, l\u00e4ksime klassiga staadionile, kuhu suundus ka kogu \u00fclej\u00e4\u00e4nud kool. Staadionil olid k\u00f5ik kooli \u00f5pilased moodustanud numbri 1869, et teha sellest imelisest ajar\u00e4nnakust esimese laulupeo aega \u00fcks tore j\u00e4\u00e4dvustus. Droonipilt tehtud, pidid kahjuks enamus meie klassi poisse minema harjutama v\u00f5imlemiskava, mida nad hiljem tervele koolile esitasid. T\u00fcdrukud ja paar poissi l\u00e4ksid rongk\u00e4igule, mis on laulupeo \u00fcks osasid. Rongk\u00e4igul esindas iga klass \u00fchte sellel ajal laulupeol k\u00e4inud koori. Meie esindasime Kursi laulukoori, kandes oma ilusaid rahvariideid. Kahju ainult, et vihma sadas. Me marssisime l\u00e4bi porise kesklinna Kalevi spordihalli, kus terve kool v\u00f5ttis istet ja kuulas orkestrit ning poistekoori. Lisaks v\u00f5tsid s\u00f5na ka terve kooli aktusel juba n\u00e4htud ajaloolised tegelased, keda \u00f5petajad m\u00e4ngisid. Siis oligi aeg nii kaugel, et vaadata tantsuga esinejaid. K\u00f5igepealt esinesid rahvatantsugrupi poisid ja p\u00e4rast seda tulid lavale meie klassi poisid oma uhke v\u00f5imlemiskavaga. P\u00e4rast p\u00f5nevat kuulamist ja vaatamist said ka teised, kes tahtsid, tantsida koos paarilisega orkestri saatel. Sellega l\u00f5ppeski meie klassi p\u00e4ev 150 aastat tagasi! Oli v\u00e4ga tore ja loodame, et ka j\u00e4rgmisel aastal leiame ajaloost m\u00f5ne p\u00f5neva p\u00e4eva, kuhu tagasi reisida. <\/p>\n\n\n\n<p style=\"background-color:#f78dcc\" class=\"has-background\">Kirjutas: Amanda<\/p>\n\n\n\n<div class=\"wp-block-image\"><figure class=\"alignleft is-resized\"><img loading=\"lazy\" decoding=\"async\" src=\"https:\/\/scontent-arn2-1.xx.fbcdn.net\/v\/t1.15752-9\/60231000_468103947284220_8004458454234169344_n.jpg?_nc_cat=109&amp;_nc_ht=scontent-arn2-1.xx&amp;oh=94d43dc65adbc4379b67c9c7e5bd108c&amp;oe=5D769DEE\" alt=\"\" width=\"149\" height=\"267\" \/><\/figure><\/div>\n\n\n\n<figure class=\"wp-block-image is-resized\"><img loading=\"lazy\" decoding=\"async\" src=\"https:\/\/scontent-arn2-1.xx.fbcdn.net\/v\/t1.15752-9\/59704302_284420972508934_6369250914431139840_n.jpg?_nc_cat=100&amp;_nc_ht=scontent-arn2-1.xx&amp;oh=dd69db67070b0b3d0ea4eaef427fd12d&amp;oe=5D71E0A5\" alt=\"\" width=\"262\" height=\"197\" \/><\/figure>\n\n\n\n<figure class=\"wp-block-image is-resized\"><img loading=\"lazy\" decoding=\"async\" src=\"https:\/\/scontent-arn2-1.xx.fbcdn.net\/v\/t1.15752-9\/59921724_2373900622827902_4746629668914855936_n.jpg?_nc_cat=104&amp;_nc_ht=scontent-arn2-1.xx&amp;oh=149f1cd29b1ccb4543cb25fc7b29e5f6&amp;oe=5D69D0F2\" alt=\"\" width=\"188\" height=\"251\" \/><figcaption> <br>  <br> <\/figcaption><\/figure>\n","protected":false},"excerpt":{"rendered":"<p>2.mail toimus meie koolis ajar\u00e4nnak, millest v\u00f5tsid osa k\u00f5ik klassid. R\u00e4ndasime esimese laulupeo aega. Meie p\u00e4ev algas kell 9.00 kooli aulas aktusega, kus v\u00f5ttis s\u00f5na direktor. Samuti v\u00f5tsid aktusel s\u00f5na m\u00f5ned teised \u00f5petajad. Nemad etendasid aktusel inimesi, kes olid t\u00e4htsad esimese laulupeo korraldamisel. N\u00e4iteks \u00f5petaja Marko Reedik etendas Johann Voldemar Jannsenit ja \u00f5petaja Reivo Maasik [&hellip;]<\/p>\n","protected":false},"author":145,"featured_media":0,"comment_status":"closed","ping_status":"open","sticky":false,"template":"","format":"standard","meta":{"footnotes":""},"categories":[10],"tags":[],"class_list":["post-1554","post","type-post","status-publish","format-standard","hentry","category-8-kl"],"_links":{"self":[{"href":"https:\/\/www.real.edu.ee\/ajaveeb\/arh138a\/wp-json\/wp\/v2\/posts\/1554","targetHints":{"allow":["GET"]}}],"collection":[{"href":"https:\/\/www.real.edu.ee\/ajaveeb\/arh138a\/wp-json\/wp\/v2\/posts"}],"about":[{"href":"https:\/\/www.real.edu.ee\/ajaveeb\/arh138a\/wp-json\/wp\/v2\/types\/post"}],"author":[{"embeddable":true,"href":"https:\/\/www.real.edu.ee\/ajaveeb\/arh138a\/wp-json\/wp\/v2\/users\/145"}],"replies":[{"embeddable":true,"href":"https:\/\/www.real.edu.ee\/ajaveeb\/arh138a\/wp-json\/wp\/v2\/comments?post=1554"}],"version-history":[{"count":7,"href":"https:\/\/www.real.edu.ee\/ajaveeb\/arh138a\/wp-json\/wp\/v2\/posts\/1554\/revisions"}],"predecessor-version":[{"id":1563,"href":"https:\/\/www.real.edu.ee\/ajaveeb\/arh138a\/wp-json\/wp\/v2\/posts\/1554\/revisions\/1563"}],"wp:attachment":[{"href":"https:\/\/www.real.edu.ee\/ajaveeb\/arh138a\/wp-json\/wp\/v2\/media?parent=1554"}],"wp:term":[{"taxonomy":"category","embeddable":true,"href":"https:\/\/www.real.edu.ee\/ajaveeb\/arh138a\/wp-json\/wp\/v2\/categories?post=1554"},{"taxonomy":"post_tag","embeddable":true,"href":"https:\/\/www.real.edu.ee\/ajaveeb\/arh138a\/wp-json\/wp\/v2\/tags?post=1554"}],"curies":[{"name":"wp","href":"https:\/\/api.w.org\/{rel}","templated":true}]}}