{"id":1463,"date":"2019-01-13T13:53:48","date_gmt":"2019-01-13T13:53:48","guid":{"rendered":"http:\/\/www.real.edu.ee\/ajaveeb\/138a\/?p=1463"},"modified":"2019-02-28T09:03:55","modified_gmt":"2019-02-28T09:03:55","slug":"reaalkooli-projektipaev","status":"publish","type":"post","link":"https:\/\/www.real.edu.ee\/ajaveeb\/arh138a\/2019\/01\/13\/reaalkooli-projektipaev\/","title":{"rendered":"Reaalkooli projektip\u00e4ev"},"content":{"rendered":"<p>P\u00e4ev enne koolivaheaega, 21.detsembril, toimus 5.-12. klassi \u00f5pilastele projektip\u00e4ev \u201eReaal \u2013 see ongi kunst!\u201c\u00a0 \u00d5pilased said huvitava tegevuse valida viie suurema valdkonna vahel: humanitaarained, reaal- ja loodusained, laulud ja nende kujunemislugu, ajalugu ja \u00fchiskond ning m\u00f5tlemism\u00e4ngud. Humanitaarainete valdkonna valinud \u00f5pilased tutvusid loovkirjutamise v\u00f5tetega. Kirjutati\u00a0 tegelasp\u00f5hist novelli v\u00f5i n\u00e4idendit, dramatiseeriti eesti muinasjutte jne. Laulude \u00f5pitubades lauldi gregooriuse koraale ja tutvuti j\u00f5ulukommete ja -m\u00e4ngudega. Sai ka tantsida rahvatantse ja meisterdada unen\u00e4op\u00fc\u00fcdjat. Reaal- ja loodusainete huvilised tegelesid programmeerimisega, andmeteadusega ja lahendasid m\u00f5rvam\u00fcsteeriumit. Ajaloo- ja \u00fchiskonna t\u00f6\u00f6tubades disainiti reklaamplakatit v\u00f5i voldikut \u201eMinu 137-aastane Reaalkool,\u201c uuriti mitmekesiseid esemelisi Reaali ajaloo allikaid v\u00f5i k\u00fclastati Toompeal asuvaid olulisi kultuuriloolisi ja riigivalitsemisega seotud paiku. M\u00f5tlemism\u00e4ngudes oli v\u00f5imalus panna proovile oma v\u00f5imed 64-ruuduliste laudadega kabesimultaanil, testida s\u00f5navara tundmist lauam\u00e4ngudega ja \u00f5ppida m\u00e4ngima m\u00f5tlemist arendavat kaardim\u00e4ngu \u201eMarjas\u201c, mis l\u00f5ppes turniiriga.<\/p>\n<p>Kirjutas: Jan-Oskar<\/p>\n","protected":false},"excerpt":{"rendered":"<p>P\u00e4ev enne koolivaheaega, 21.detsembril, toimus 5.-12. klassi \u00f5pilastele projektip\u00e4ev \u201eReaal \u2013 see ongi kunst!\u201c\u00a0 \u00d5pilased said huvitava tegevuse valida viie suurema valdkonna vahel: humanitaarained, reaal- ja loodusained, laulud ja nende kujunemislugu, ajalugu ja \u00fchiskond ning m\u00f5tlemism\u00e4ngud. Humanitaarainete valdkonna valinud \u00f5pilased tutvusid loovkirjutamise v\u00f5tetega. Kirjutati\u00a0 tegelasp\u00f5hist novelli v\u00f5i n\u00e4idendit, dramatiseeriti eesti muinasjutte jne. Laulude \u00f5pitubades lauldi [&hellip;]<\/p>\n","protected":false},"author":145,"featured_media":0,"comment_status":"closed","ping_status":"open","sticky":false,"template":"","format":"standard","meta":{"footnotes":""},"categories":[10],"tags":[],"class_list":["post-1463","post","type-post","status-publish","format-standard","hentry","category-8-kl"],"_links":{"self":[{"href":"https:\/\/www.real.edu.ee\/ajaveeb\/arh138a\/wp-json\/wp\/v2\/posts\/1463","targetHints":{"allow":["GET"]}}],"collection":[{"href":"https:\/\/www.real.edu.ee\/ajaveeb\/arh138a\/wp-json\/wp\/v2\/posts"}],"about":[{"href":"https:\/\/www.real.edu.ee\/ajaveeb\/arh138a\/wp-json\/wp\/v2\/types\/post"}],"author":[{"embeddable":true,"href":"https:\/\/www.real.edu.ee\/ajaveeb\/arh138a\/wp-json\/wp\/v2\/users\/145"}],"replies":[{"embeddable":true,"href":"https:\/\/www.real.edu.ee\/ajaveeb\/arh138a\/wp-json\/wp\/v2\/comments?post=1463"}],"version-history":[{"count":3,"href":"https:\/\/www.real.edu.ee\/ajaveeb\/arh138a\/wp-json\/wp\/v2\/posts\/1463\/revisions"}],"predecessor-version":[{"id":1476,"href":"https:\/\/www.real.edu.ee\/ajaveeb\/arh138a\/wp-json\/wp\/v2\/posts\/1463\/revisions\/1476"}],"wp:attachment":[{"href":"https:\/\/www.real.edu.ee\/ajaveeb\/arh138a\/wp-json\/wp\/v2\/media?parent=1463"}],"wp:term":[{"taxonomy":"category","embeddable":true,"href":"https:\/\/www.real.edu.ee\/ajaveeb\/arh138a\/wp-json\/wp\/v2\/categories?post=1463"},{"taxonomy":"post_tag","embeddable":true,"href":"https:\/\/www.real.edu.ee\/ajaveeb\/arh138a\/wp-json\/wp\/v2\/tags?post=1463"}],"curies":[{"name":"wp","href":"https:\/\/api.w.org\/{rel}","templated":true}]}}