{"id":753,"date":"2018-05-27T22:54:20","date_gmt":"2018-05-27T19:54:20","guid":{"rendered":"http:\/\/www.real.edu.ee\/ajaveeb\/136c\/?p=753"},"modified":"2018-05-29T23:04:53","modified_gmt":"2018-05-29T20:04:53","slug":"kolm-aastat-orjapolve","status":"publish","type":"post","link":"https:\/\/www.real.edu.ee\/ajaveeb\/arh136c\/2018\/05\/27\/kolm-aastat-orjapolve\/","title":{"rendered":"Kolm aastat orjap\u00f5lve"},"content":{"rendered":"<p><span style=\"font-weight: 400\">Teekond Reaalis algas \u00fcle kivide ja k\u00e4ndude. Katsetelt sisse saades tabas k\u00f5iki arusaam, et oleme j\u00f5udnud Tallinna \u00fchte parimasse kooli. Kuigi kool oli v\u00f5imas, saime aru, et peame ise kooli v\u00e4\u00e4rilisteks muutuma. P\u00e4rast esimest kuud m\u00f5istsime, et kiituskirju me enam ei n\u00e4e. Enesele m\u00e4rkamata oli suvi k\u00e4es ja \u00f5ppeaasta l\u00e4bi.<\/span><span style=\"font-weight: 400\"><br \/>\n<\/span><\/p>\n<p><span style=\"font-weight: 400\">Kaheksanda klassi alguseks olime k\u00f5ik nii muutunud, et esimesel septembril me enam \u00fcksteist \u00e4ra ei tundnudki. Kuigi kaheksas klass oli k\u00f5ige pingevabam, siis veetsid paljud siiski hilis\u00f5htud matemaatika teoreeme \u00f5ppides ja loovt\u00f6\u00f6 p\u00e4rast muretsedes.<\/span><span style=\"font-weight: 400\"><br \/>\n<\/span><\/p>\n<p><span style=\"font-weight: 400\">\u00dcheksas klass algas ning juba esimesest koolip\u00e4evast algas ettevalmistus katseteks. Need, kes said ilma nendeta sisse, kasutasid seda aega eksamiteks \u00f5ppimiseks. N\u00fc\u00fcd, kui kool on l\u00e4bi ja g\u00fcmnaasium kindlustatud, algab teekond uuesti.<\/span><span style=\"font-weight: 400\"><br \/>\n<\/span><span style=\"font-weight: 400\">Kirjutasid Markus, Priit, Martin Hans, Siim ja Kaarel<\/span><\/p>\n","protected":false},"excerpt":{"rendered":"<p>Teekond Reaalis algas \u00fcle kivide ja k\u00e4ndude. Katsetelt sisse saades tabas k\u00f5iki arusaam, et oleme j\u00f5udnud Tallinna \u00fchte parimasse kooli. Kuigi kool oli v\u00f5imas, saime aru, et peame ise kooli v\u00e4\u00e4rilisteks muutuma. P\u00e4rast esimest kuud m\u00f5istsime, et kiituskirju me enam ei n\u00e4e. Enesele m\u00e4rkamata oli suvi k\u00e4es ja \u00f5ppeaasta l\u00e4bi. Kaheksanda klassi alguseks olime k\u00f5ik [&hellip;]<\/p>\n","protected":false},"author":109,"featured_media":0,"comment_status":"closed","ping_status":"open","sticky":false,"template":"","format":"standard","meta":{"footnotes":""},"categories":[1],"tags":[],"class_list":["post-753","post","type-post","status-publish","format-standard","hentry","category-maaratlemata"],"_links":{"self":[{"href":"https:\/\/www.real.edu.ee\/ajaveeb\/arh136c\/wp-json\/wp\/v2\/posts\/753","targetHints":{"allow":["GET"]}}],"collection":[{"href":"https:\/\/www.real.edu.ee\/ajaveeb\/arh136c\/wp-json\/wp\/v2\/posts"}],"about":[{"href":"https:\/\/www.real.edu.ee\/ajaveeb\/arh136c\/wp-json\/wp\/v2\/types\/post"}],"author":[{"embeddable":true,"href":"https:\/\/www.real.edu.ee\/ajaveeb\/arh136c\/wp-json\/wp\/v2\/users\/109"}],"replies":[{"embeddable":true,"href":"https:\/\/www.real.edu.ee\/ajaveeb\/arh136c\/wp-json\/wp\/v2\/comments?post=753"}],"version-history":[{"count":4,"href":"https:\/\/www.real.edu.ee\/ajaveeb\/arh136c\/wp-json\/wp\/v2\/posts\/753\/revisions"}],"predecessor-version":[{"id":765,"href":"https:\/\/www.real.edu.ee\/ajaveeb\/arh136c\/wp-json\/wp\/v2\/posts\/753\/revisions\/765"}],"wp:attachment":[{"href":"https:\/\/www.real.edu.ee\/ajaveeb\/arh136c\/wp-json\/wp\/v2\/media?parent=753"}],"wp:term":[{"taxonomy":"category","embeddable":true,"href":"https:\/\/www.real.edu.ee\/ajaveeb\/arh136c\/wp-json\/wp\/v2\/categories?post=753"},{"taxonomy":"post_tag","embeddable":true,"href":"https:\/\/www.real.edu.ee\/ajaveeb\/arh136c\/wp-json\/wp\/v2\/tags?post=753"}],"curies":[{"name":"wp","href":"https:\/\/api.w.org\/{rel}","templated":true}]}}