{"id":440,"date":"2017-10-02T19:42:31","date_gmt":"2017-10-02T16:42:31","guid":{"rendered":"http:\/\/www.real.edu.ee\/ajaveeb\/136c\/?p=440"},"modified":"2017-10-13T22:18:01","modified_gmt":"2017-10-13T19:18:01","slug":"kooli-sunnipaev","status":"publish","type":"post","link":"https:\/\/www.real.edu.ee\/ajaveeb\/arh136c\/2017\/10\/02\/kooli-sunnipaev\/","title":{"rendered":"Kooli s\u00fcnnip\u00e4ev"},"content":{"rendered":"<p>Reedel, 29. septembril t\u00e4histasime Reaalkooli 136. s\u00fcnnip\u00e4eva, mis on \u00fchtlasi ka meie lennu number, nii et see aasta oli meie jaoks s\u00fcnnip\u00e4ev veelgi erilisem. Nagu Reaalis traditsiooniks ikka, siis iga aasta k\u00fclastab igat klassi vilistlane, kuid meie \u00f5nnetuseks juba teist aastat j\u00e4rjest ei tulnud vilistlane kohale ning selle asemel kuulasime aulas loengut. Aktus oli 7. tunni ajal, kus k\u00f5neles direktor Ene Saar meie koolist natukene ning p\u00e4rast seda tunnustati \u00f5pilasi, kes saavutasid suve jooksul h\u00e4id tulemusi ol\u00fcmpiaadidel ja samuti said diplomid ka p\u00f5hikooli ja g\u00fcmnaasiumi \u00f5pilased, kelle pingutuste l\u00e4bi saavutasime Johan Laidoneri m\u00e4lestuseks korraldatud ol\u00fcmpiateatejooksul 1. koha. Hiljem s\u00f5ime omatehtud maitsvaid muffineid ja k\u00fcpsisetorti ning j\u00f5ime morssi. Oli v\u00e4ga tore p\u00e4ev!<\/p>\n<p><a href=\"http:\/\/www.real.edu.ee\/ajaveeb\/136c\/files\/2017\/10\/136c_kooliaastap\u00e4ev.jpg\"><img loading=\"lazy\" decoding=\"async\" class=\"size-medium wp-image-459 aligncenter\" src=\"http:\/\/www.real.edu.ee\/ajaveeb\/136c\/files\/2017\/10\/136c_kooliaastap\u00e4ev-300x200.jpg\" alt=\"\" width=\"300\" height=\"200\" srcset=\"https:\/\/www.real.edu.ee\/ajaveeb\/arh136c\/files\/2017\/10\/136c_kooliaastap\u00e4ev-300x200.jpg 300w, https:\/\/www.real.edu.ee\/ajaveeb\/arh136c\/files\/2017\/10\/136c_kooliaastap\u00e4ev-768x512.jpg 768w, https:\/\/www.real.edu.ee\/ajaveeb\/arh136c\/files\/2017\/10\/136c_kooliaastap\u00e4ev.jpg 960w\" sizes=\"auto, (max-width: 300px) 100vw, 300px\" \/><\/a><\/p>\n<p>Kirjutas Kertu<\/p>\n<p>&nbsp;<\/p>\n<p>&nbsp;<\/p>\n<p>&nbsp;<\/p>\n<p><img decoding=\"async\" src=\"https:\/\/scontent-arn2-1.xx.fbcdn.net\/v\/t35.0-12\/22119598_1862294690462426_368855362_o.jpg?oh=277c12d50f6cdbc486691f06414f97f6&amp;oe=59D433C9\" \/><img decoding=\"async\" src=\"https:\/\/scontent-arn2-1.xx.fbcdn.net\/v\/t35.0-12\/22140131_1862294683795760_736411875_o.jpg?oh=a042831c8fcd0d2270b23619c700c929&amp;oe=59D5490F\" \/><\/p>\n","protected":false},"excerpt":{"rendered":"<p>Reedel, 29. septembril t\u00e4histasime Reaalkooli 136. s\u00fcnnip\u00e4eva, mis on \u00fchtlasi ka meie lennu number, nii et see aasta oli meie jaoks s\u00fcnnip\u00e4ev veelgi erilisem. Nagu Reaalis traditsiooniks ikka, siis iga aasta k\u00fclastab igat klassi vilistlane, kuid meie \u00f5nnetuseks juba teist aastat j\u00e4rjest ei tulnud vilistlane kohale ning selle asemel kuulasime aulas loengut. Aktus oli 7. [&hellip;]<\/p>\n","protected":false},"author":109,"featured_media":0,"comment_status":"closed","ping_status":"open","sticky":false,"template":"","format":"standard","meta":{"footnotes":""},"categories":[4],"tags":[],"class_list":["post-440","post","type-post","status-publish","format-standard","hentry","category-9-kl"],"_links":{"self":[{"href":"https:\/\/www.real.edu.ee\/ajaveeb\/arh136c\/wp-json\/wp\/v2\/posts\/440","targetHints":{"allow":["GET"]}}],"collection":[{"href":"https:\/\/www.real.edu.ee\/ajaveeb\/arh136c\/wp-json\/wp\/v2\/posts"}],"about":[{"href":"https:\/\/www.real.edu.ee\/ajaveeb\/arh136c\/wp-json\/wp\/v2\/types\/post"}],"author":[{"embeddable":true,"href":"https:\/\/www.real.edu.ee\/ajaveeb\/arh136c\/wp-json\/wp\/v2\/users\/109"}],"replies":[{"embeddable":true,"href":"https:\/\/www.real.edu.ee\/ajaveeb\/arh136c\/wp-json\/wp\/v2\/comments?post=440"}],"version-history":[{"count":4,"href":"https:\/\/www.real.edu.ee\/ajaveeb\/arh136c\/wp-json\/wp\/v2\/posts\/440\/revisions"}],"predecessor-version":[{"id":461,"href":"https:\/\/www.real.edu.ee\/ajaveeb\/arh136c\/wp-json\/wp\/v2\/posts\/440\/revisions\/461"}],"wp:attachment":[{"href":"https:\/\/www.real.edu.ee\/ajaveeb\/arh136c\/wp-json\/wp\/v2\/media?parent=440"}],"wp:term":[{"taxonomy":"category","embeddable":true,"href":"https:\/\/www.real.edu.ee\/ajaveeb\/arh136c\/wp-json\/wp\/v2\/categories?post=440"},{"taxonomy":"post_tag","embeddable":true,"href":"https:\/\/www.real.edu.ee\/ajaveeb\/arh136c\/wp-json\/wp\/v2\/tags?post=440"}],"curies":[{"name":"wp","href":"https:\/\/api.w.org\/{rel}","templated":true}]}}