{"id":224,"date":"2016-08-29T17:35:29","date_gmt":"2016-08-29T14:35:29","guid":{"rendered":"http:\/\/www.real.edu.ee\/ajaveeb\/136c\/?p=224"},"modified":"2016-08-29T17:35:29","modified_gmt":"2016-08-29T14:35:29","slug":"reaalkool-labi-meie-silmade-7-klassi-lopetuseks","status":"publish","type":"post","link":"https:\/\/www.real.edu.ee\/ajaveeb\/arh136c\/2016\/08\/29\/reaalkool-labi-meie-silmade-7-klassi-lopetuseks\/","title":{"rendered":"Reaalkool l\u00e4bi meie silmade -7.klassi l\u00f5petuseks"},"content":{"rendered":"<p>Me k\u00f5ik oleme tulnud erinevatest koolidest. Meil k\u00f5igil on erinevad pildid koolielust&#8230; kuni selle \u00f5ppeaastani, kus me k\u00f5ik otsustasime j\u00e4tkata oma haridusteed Tallinna Reaalkoolis. Sammhaaval, iga p\u00e4evaga t\u00e4iendame k\u00f5ik oma \u00fchist pilti koolielust. 12. klassi l\u00f5puks peaks meil koos olema suur pilt k\u00f5igist m\u00e4lestustest, mida me \u00fchiselt teinud oleme ja saame seda alati oma tulevases elus lapsep\u00f5lve m\u00e4lestusena lastele r\u00e4\u00e4kida. Meie lapsed r\u00e4\u00e4givad vanemate jutte edasi ka oma lastele ja nii edasi. L\u00f5puks peaksid meie m\u00e4lestused olema suur meeldetuletus lahedaimast 136c klassist.<\/p>\n<p>Kirjutasid Vivian ja Miko<\/p>\n<p>Reaalkooli tulles tundus Reaal v\u00f5\u00f5rana, kuid ajapikku me kohanesime Reaali vaimuga ja Reaali traditsioonidega. Kui Reaalis sai n\u00e4dal aega k\u00e4idud, tutvusime mitmete Reaalkooli kommetega ja vanade traditsioonidega. N\u00e4iteks Pudirida, Reaalih\u00fc\u00fcd ja teised traditsioonid.<\/p>\n<p>Mida aeg edasi, seda paremini \u00f5ppisime tundma Reaali inimesi ja Reaali \u00fcritusi. Reaalkoolis on k\u00f5ik inimesed omamoodi erinevad ning k\u00f5ik hoiavad kokku. Siin koolis tahavad k\u00f5ik \u00f5pilased \u00f5ppida ning \u00f5petajad \u00f5petada, mitte nad ei tee seda kohustusest. Praeguseks, mil kooliaasta l\u00f5pp hakkab l\u00e4henema, oleme me rohkem oma klassikaaslasi tundma \u00f5ppinud. Meie klass on v\u00e4ga \u00fchtehoidev ja osav\u00f5tlik. Meie klassis ei ole kiusamist. Reaalkoolis on v\u00e4ga huvitavad traditsioonid ja kombed ning \u00f5pihimulised \u00f5pilased, kes hoiavad kokku. Esimese aasta l\u00f5puks tunneme ka meie, et kuulume Reaalkooli perekonda.<\/p>\n<p>\u201e\u00dcks k\u00f5ikide, k\u00f5ik \u00fche eest!\u201d<\/p>\n<p>Kirjutasid Linda ja Kelli<\/p>\n","protected":false},"excerpt":{"rendered":"<p>Me k\u00f5ik oleme tulnud erinevatest koolidest. Meil k\u00f5igil on erinevad pildid koolielust&#8230; kuni selle \u00f5ppeaastani, kus me k\u00f5ik otsustasime j\u00e4tkata oma haridusteed Tallinna Reaalkoolis. Sammhaaval, iga p\u00e4evaga t\u00e4iendame k\u00f5ik oma \u00fchist pilti koolielust. 12. klassi l\u00f5puks peaks meil koos olema suur pilt k\u00f5igist m\u00e4lestustest, mida me \u00fchiselt teinud oleme ja saame seda alati oma tulevases [&hellip;]<\/p>\n","protected":false},"author":97,"featured_media":0,"comment_status":"closed","ping_status":"open","sticky":false,"template":"","format":"standard","meta":{"footnotes":""},"categories":[1],"tags":[],"class_list":["post-224","post","type-post","status-publish","format-standard","hentry","category-maaratlemata"],"_links":{"self":[{"href":"https:\/\/www.real.edu.ee\/ajaveeb\/arh136c\/wp-json\/wp\/v2\/posts\/224","targetHints":{"allow":["GET"]}}],"collection":[{"href":"https:\/\/www.real.edu.ee\/ajaveeb\/arh136c\/wp-json\/wp\/v2\/posts"}],"about":[{"href":"https:\/\/www.real.edu.ee\/ajaveeb\/arh136c\/wp-json\/wp\/v2\/types\/post"}],"author":[{"embeddable":true,"href":"https:\/\/www.real.edu.ee\/ajaveeb\/arh136c\/wp-json\/wp\/v2\/users\/97"}],"replies":[{"embeddable":true,"href":"https:\/\/www.real.edu.ee\/ajaveeb\/arh136c\/wp-json\/wp\/v2\/comments?post=224"}],"version-history":[{"count":1,"href":"https:\/\/www.real.edu.ee\/ajaveeb\/arh136c\/wp-json\/wp\/v2\/posts\/224\/revisions"}],"predecessor-version":[{"id":225,"href":"https:\/\/www.real.edu.ee\/ajaveeb\/arh136c\/wp-json\/wp\/v2\/posts\/224\/revisions\/225"}],"wp:attachment":[{"href":"https:\/\/www.real.edu.ee\/ajaveeb\/arh136c\/wp-json\/wp\/v2\/media?parent=224"}],"wp:term":[{"taxonomy":"category","embeddable":true,"href":"https:\/\/www.real.edu.ee\/ajaveeb\/arh136c\/wp-json\/wp\/v2\/categories?post=224"},{"taxonomy":"post_tag","embeddable":true,"href":"https:\/\/www.real.edu.ee\/ajaveeb\/arh136c\/wp-json\/wp\/v2\/tags?post=224"}],"curies":[{"name":"wp","href":"https:\/\/api.w.org\/{rel}","templated":true}]}}