{"id":835,"date":"2011-04-01T16:27:21","date_gmt":"2011-04-01T13:27:21","guid":{"rendered":"http:\/\/www.real.edu.ee\/ajaveeb\/136b\/?p=835"},"modified":"2011-04-01T16:27:21","modified_gmt":"2011-04-01T13:27:21","slug":"2-aprill-on-lasteraamatu-paev","status":"publish","type":"post","link":"https:\/\/www.real.edu.ee\/ajaveeb\/arh136b\/2011\/04\/01\/2-aprill-on-lasteraamatu-paev\/","title":{"rendered":"2. aprill on lasteraamatu p\u00e4ev!"},"content":{"rendered":"<p><strong>Tallinna Keskraamatukogus  t\u00e4histati\u00a0 t\u00e4na, 1. aprillil rahvusvahelist lasteraamatup\u00e4eva ja kell 12.00  anti keskraamatukogu suures saalis selleaastane  auhind \u201eJ\u00e4rje hoidja\u201c Urmas Nemvaltsile ja Contrale.<\/strong><\/p>\n<p>Auhinnaga  \u201eJ\u00e4rje hoidja\u201c tunnustatakse 2010. aastal ilmunud ja Tallinna  Keskraamatukogus ka m\u00f6\u00f6dunud aastal enim loetud Eesti lasteraamatu  autoreid. Sellega t\u00e4natakse neid kui j\u00e4rjepidevuse hoidjaid lastele  v\u00e4\u00e4rt lugemisvara pakkumisel.<\/p>\n<p>K\u00f5ige  populaarsemaks raamatuks Tallinna Keskraamatukogu v\u00e4ikeste lugejate  hulgas osutus 2010. aastal kirjastuses Grenader v\u00e4lja antud <strong>Urmas Nemvaltsi ja Contra \u201ePoiste aabits\u201c.<\/strong><\/p>\n<p>Kuigi  \u201ePoiste aabits\u201c on nime poolest poistele m\u00f5eldud, siis kindlasti on  seda tore lugeda ka t\u00fcdrukutel. Aabits on l\u00f5bus nii luuletuste kui  piltide poolest.<\/p>\n<p>T\u00e4nu\u00fcritusel  osalesime ka meie, Tallinna Reaalkooli 2. klasside \u00f5pilased.\u00a0\u00a0 Olime eelnevalt  ka ise aabitsa teemal m\u00f5tteid kirja pannud ja pilte joonistanud.  Parimaks hinnatud joonistused kingiti ka\u00a0 Contrale ja Urmas Nemvaltsile.<\/p>\n<p>Vaata pilte siit\u00a0\u00a0\u00a0<a href=\"http:\/\/www.keskraamatukogu.ee\/fotod?id=50049\"> http:\/\/www.keskraamatukogu.ee\/fotod?id=50<\/a><\/p>\n<p>Vaata klippi siit<a href=\"http:\/\/www.keskraamatukogu.ee\/~jagatud\/videod\/tallinnatv\/tallinnatv.html\"> http:\/\/www.keskraamatukogu.ee\/~jagatud\/videod\/tallinnatv\/tallinnatv.html<\/a><\/p>\n","protected":false},"excerpt":{"rendered":"<p>Tallinna Keskraamatukogus t\u00e4histati\u00a0 t\u00e4na, 1. aprillil rahvusvahelist lasteraamatup\u00e4eva ja kell 12.00 anti keskraamatukogu suures saalis selleaastane auhind \u201eJ\u00e4rje hoidja\u201c Urmas Nemvaltsile ja Contrale. Auhinnaga \u201eJ\u00e4rje hoidja\u201c tunnustatakse 2010. aastal ilmunud ja Tallinna Keskraamatukogus ka m\u00f6\u00f6dunud aastal enim loetud Eesti lasteraamatu autoreid. Sellega t\u00e4natakse neid kui j\u00e4rjepidevuse hoidjaid lastele v\u00e4\u00e4rt lugemisvara pakkumisel. K\u00f5ige populaarsemaks raamatuks Tallinna [&hellip;]<\/p>\n","protected":false},"author":1,"featured_media":0,"comment_status":"open","ping_status":"open","sticky":false,"template":"","format":"standard","meta":{"footnotes":""},"categories":[3],"tags":[],"class_list":["post-835","post","type-post","status-publish","format-standard","hentry","category-2-b"],"_links":{"self":[{"href":"https:\/\/www.real.edu.ee\/ajaveeb\/arh136b\/wp-json\/wp\/v2\/posts\/835","targetHints":{"allow":["GET"]}}],"collection":[{"href":"https:\/\/www.real.edu.ee\/ajaveeb\/arh136b\/wp-json\/wp\/v2\/posts"}],"about":[{"href":"https:\/\/www.real.edu.ee\/ajaveeb\/arh136b\/wp-json\/wp\/v2\/types\/post"}],"author":[{"embeddable":true,"href":"https:\/\/www.real.edu.ee\/ajaveeb\/arh136b\/wp-json\/wp\/v2\/users\/1"}],"replies":[{"embeddable":true,"href":"https:\/\/www.real.edu.ee\/ajaveeb\/arh136b\/wp-json\/wp\/v2\/comments?post=835"}],"version-history":[{"count":0,"href":"https:\/\/www.real.edu.ee\/ajaveeb\/arh136b\/wp-json\/wp\/v2\/posts\/835\/revisions"}],"wp:attachment":[{"href":"https:\/\/www.real.edu.ee\/ajaveeb\/arh136b\/wp-json\/wp\/v2\/media?parent=835"}],"wp:term":[{"taxonomy":"category","embeddable":true,"href":"https:\/\/www.real.edu.ee\/ajaveeb\/arh136b\/wp-json\/wp\/v2\/categories?post=835"},{"taxonomy":"post_tag","embeddable":true,"href":"https:\/\/www.real.edu.ee\/ajaveeb\/arh136b\/wp-json\/wp\/v2\/tags?post=835"}],"curies":[{"name":"wp","href":"https:\/\/api.w.org\/{rel}","templated":true}]}}