{"id":695,"date":"2011-01-02T14:12:01","date_gmt":"2011-01-02T11:12:01","guid":{"rendered":"http:\/\/www.real.edu.ee\/ajaveeb\/136b\/?p=695"},"modified":"2011-01-02T14:12:01","modified_gmt":"2011-01-02T11:12:01","slug":"joulurongiga-rakvere-volulossi","status":"publish","type":"post","link":"https:\/\/www.real.edu.ee\/ajaveeb\/arh136b\/2011\/01\/02\/joulurongiga-rakvere-volulossi\/","title":{"rendered":"J\u00f5ulurongiga Rakvere v\u00f5lulossi!"},"content":{"rendered":"<p>Tegelikult pidime Rakverre s\u00f5itma juba 10. detsembril, aga \u00f6\u00f6sel oli Eestisse j\u00f5udnud lumetorm Monica ning ohutum oli sel p\u00e4eval hoopis kodudesse j\u00e4\u00e4da! Nii tegimegi ja\u00a0Rakverre s\u00f5itsime\u00a0hoopis 21. detsembril. Rongis ootsasid meid p\u00e4kapikud, kes viktoriini korraldasid ja infot jagasid. Kohale j\u00f5udes tegime matka jaamast\u00a0Vallim\u00e4ele ja sellest \u00fcles j\u00f5udes\u00a0avanes\u00a0meie ees kaunis vaade linnusest&#8230;j\u00f5ululossist, kuhu kohe -kohe sisenesime. Meid v\u00f5tsid vastu v\u00f5lurid ja\u00a0p\u00e4kapikud, kes juhatasid meid n\u00e4idendit vaatama, s\u00f6\u00f6ma ning r\u00fchmade kaupa (meie olime t\u00e4hekesed)\u00a0 t\u00f6\u00f6tubadesse.Seal sorteerisime kirju, kaunistasime piparkooke, uurisime universumit, kummitusi ja v\u00f5lukunste. Tagasiteel n\u00e4gime, kuidas j\u00f5ululossi v\u00e4rav uuesti lukku keerati ja seda uhke tulev\u00e4rgiga! Siis uuesti matk ja tagasitee rongiga Tallinnasse!<\/p>\n<p><p><a href=\"http:\/\/www.slide.com\/pivot?cy=ms&amp;at=un&amp;id=2377900603279649118&amp;map=1\" target=\"_blank\"><img decoding=\"async\" src=\"http:\/\/widget-5e.slide.com\/p1\/2377900603279649118\/ms_t056_v000_s0un_f00\/images\/xslide1.gif\" border=\"0\" alt=\"\" \/><\/a> <a href=\"http:\/\/www.slide.com\/pivot?cy=ms&amp;at=un&amp;id=2377900603279649118&amp;map=2\" target=\"_blank\"><img decoding=\"async\" src=\"http:\/\/widget-5e.slide.com\/p2\/2377900603279649118\/ms_t056_v000_s0un_f00\/images\/xslide2.gif\" border=\"0\" alt=\"\" \/><\/a> <a href=\"http:\/\/www.slide.com\/pivot?cy=ms&amp;at=un&amp;id=2377900603279649118&amp;map=F\" target=\"_blank\"><img decoding=\"async\" src=\"http:\/\/widget-5e.slide.com\/p4\/2377900603279649118\/ms_t056_v000_s0un_f00\/images\/xslide42.gif\" border=\"0\" alt=\"\" \/><\/a><\/p>\n","protected":false},"excerpt":{"rendered":"<p>Tegelikult pidime Rakverre s\u00f5itma juba 10. detsembril, aga \u00f6\u00f6sel oli Eestisse j\u00f5udnud lumetorm Monica ning ohutum oli sel p\u00e4eval hoopis kodudesse j\u00e4\u00e4da! Nii tegimegi ja\u00a0Rakverre s\u00f5itsime\u00a0hoopis 21. detsembril. Rongis ootsasid meid p\u00e4kapikud, kes viktoriini korraldasid ja infot jagasid. Kohale j\u00f5udes tegime matka jaamast\u00a0Vallim\u00e4ele ja sellest \u00fcles j\u00f5udes\u00a0avanes\u00a0meie ees kaunis vaade linnusest&#8230;j\u00f5ululossist, kuhu kohe -kohe sisenesime. [&hellip;]<\/p>\n","protected":false},"author":1,"featured_media":0,"comment_status":"open","ping_status":"open","sticky":false,"template":"","format":"standard","meta":{"footnotes":""},"categories":[3],"tags":[],"class_list":["post-695","post","type-post","status-publish","format-standard","hentry","category-2-b"],"_links":{"self":[{"href":"https:\/\/www.real.edu.ee\/ajaveeb\/arh136b\/wp-json\/wp\/v2\/posts\/695","targetHints":{"allow":["GET"]}}],"collection":[{"href":"https:\/\/www.real.edu.ee\/ajaveeb\/arh136b\/wp-json\/wp\/v2\/posts"}],"about":[{"href":"https:\/\/www.real.edu.ee\/ajaveeb\/arh136b\/wp-json\/wp\/v2\/types\/post"}],"author":[{"embeddable":true,"href":"https:\/\/www.real.edu.ee\/ajaveeb\/arh136b\/wp-json\/wp\/v2\/users\/1"}],"replies":[{"embeddable":true,"href":"https:\/\/www.real.edu.ee\/ajaveeb\/arh136b\/wp-json\/wp\/v2\/comments?post=695"}],"version-history":[{"count":0,"href":"https:\/\/www.real.edu.ee\/ajaveeb\/arh136b\/wp-json\/wp\/v2\/posts\/695\/revisions"}],"wp:attachment":[{"href":"https:\/\/www.real.edu.ee\/ajaveeb\/arh136b\/wp-json\/wp\/v2\/media?parent=695"}],"wp:term":[{"taxonomy":"category","embeddable":true,"href":"https:\/\/www.real.edu.ee\/ajaveeb\/arh136b\/wp-json\/wp\/v2\/categories?post=695"},{"taxonomy":"post_tag","embeddable":true,"href":"https:\/\/www.real.edu.ee\/ajaveeb\/arh136b\/wp-json\/wp\/v2\/tags?post=695"}],"curies":[{"name":"wp","href":"https:\/\/api.w.org\/{rel}","templated":true}]}}