{"id":645,"date":"2010-12-03T15:23:01","date_gmt":"2010-12-03T12:23:01","guid":{"rendered":"http:\/\/www.real.edu.ee\/ajaveeb\/136b\/?p=645"},"modified":"2010-12-03T15:23:01","modified_gmt":"2010-12-03T12:23:01","slug":"vota-osa-piparkoogimaania-voistlusest","status":"publish","type":"post","link":"https:\/\/www.real.edu.ee\/ajaveeb\/arh136b\/2010\/12\/03\/vota-osa-piparkoogimaania-voistlusest\/","title":{"rendered":"V\u00f5ta osa Piparkoogimaania v\u00f5istlusest"},"content":{"rendered":"<p><a href=\"http:\/\/www.real.edu.ee\/ajaveeb\/arh136b\/files\/2010\/12\/PC213944.jpg\"><img loading=\"lazy\" decoding=\"async\" class=\"aligncenter size-medium wp-image-648\" title=\"PC213944\" src=\"http:\/\/www.real.edu.ee\/ajaveeb\/arh136b\/files\/2010\/12\/PC213944-300x224.jpg\" alt=\"\" width=\"300\" height=\"224\" srcset=\"https:\/\/www.real.edu.ee\/ajaveeb\/arh136b\/files\/2010\/12\/PC213944-300x224.jpg 300w, https:\/\/www.real.edu.ee\/ajaveeb\/arh136b\/files\/2010\/12\/PC213944-768x575.jpg 768w, https:\/\/www.real.edu.ee\/ajaveeb\/arh136b\/files\/2010\/12\/PC213944-1024x766.jpg 1024w\" sizes=\"auto, (max-width: 300px) 100vw, 300px\" \/><\/a>Joosepi 2009 aasta piparkoogirong.<\/p>\n<p>Uuri\u00a0 allpool olevalt aadresslit teavet v\u00f5istluse kohta, k\u00fcpseta, kaunista ja pildista oma head ideed ning v\u00f5ta osa Reaalkooli ning\u00a0 \u00fclevabariigilisest v\u00f5istlusest!<\/p>\n<p>Reaalkooli v\u00f5istlusest osav\u00f5tuks tee nii:\u00a0 <strong>S<strong>aada<\/strong><\/strong> oma t\u00f6\u00f6dest<strong> pildid\u00a0 hiljemalt 21. detsembriks<\/strong> aadressil veiko.somelar<img loading=\"lazy\" decoding=\"async\" src=\"..\/..\/..\/images\/stories\/pilt.gif\" alt=\"pilt\" width=\"8\" height=\"9\" \/>real.edu.ee. Lisa kindlasti kirjale nimi ja klass.<\/p>\n","protected":false},"excerpt":{"rendered":"<p>Joosepi 2009 aasta piparkoogirong. Uuri\u00a0 allpool olevalt aadresslit teavet v\u00f5istluse kohta, k\u00fcpseta, kaunista ja pildista oma head ideed ning v\u00f5ta osa Reaalkooli ning\u00a0 \u00fclevabariigilisest v\u00f5istlusest! Reaalkooli v\u00f5istlusest osav\u00f5tuks tee nii:\u00a0 Saada oma t\u00f6\u00f6dest pildid\u00a0 hiljemalt 21. detsembriks aadressil veiko.somelarreal.edu.ee. Lisa kindlasti kirjale nimi ja klass.<\/p>\n","protected":false},"author":1,"featured_media":0,"comment_status":"open","ping_status":"open","sticky":false,"template":"","format":"standard","meta":{"footnotes":""},"categories":[3],"tags":[],"class_list":["post-645","post","type-post","status-publish","format-standard","hentry","category-2-b"],"_links":{"self":[{"href":"https:\/\/www.real.edu.ee\/ajaveeb\/arh136b\/wp-json\/wp\/v2\/posts\/645","targetHints":{"allow":["GET"]}}],"collection":[{"href":"https:\/\/www.real.edu.ee\/ajaveeb\/arh136b\/wp-json\/wp\/v2\/posts"}],"about":[{"href":"https:\/\/www.real.edu.ee\/ajaveeb\/arh136b\/wp-json\/wp\/v2\/types\/post"}],"author":[{"embeddable":true,"href":"https:\/\/www.real.edu.ee\/ajaveeb\/arh136b\/wp-json\/wp\/v2\/users\/1"}],"replies":[{"embeddable":true,"href":"https:\/\/www.real.edu.ee\/ajaveeb\/arh136b\/wp-json\/wp\/v2\/comments?post=645"}],"version-history":[{"count":0,"href":"https:\/\/www.real.edu.ee\/ajaveeb\/arh136b\/wp-json\/wp\/v2\/posts\/645\/revisions"}],"wp:attachment":[{"href":"https:\/\/www.real.edu.ee\/ajaveeb\/arh136b\/wp-json\/wp\/v2\/media?parent=645"}],"wp:term":[{"taxonomy":"category","embeddable":true,"href":"https:\/\/www.real.edu.ee\/ajaveeb\/arh136b\/wp-json\/wp\/v2\/categories?post=645"},{"taxonomy":"post_tag","embeddable":true,"href":"https:\/\/www.real.edu.ee\/ajaveeb\/arh136b\/wp-json\/wp\/v2\/tags?post=645"}],"curies":[{"name":"wp","href":"https:\/\/api.w.org\/{rel}","templated":true}]}}