{"id":436,"date":"2010-08-19T10:54:58","date_gmt":"2010-08-19T07:54:58","guid":{"rendered":"http:\/\/www.real.edu.ee\/ajaveeb\/136b\/?p=436"},"modified":"2010-08-19T10:54:58","modified_gmt":"2010-08-19T07:54:58","slug":"kui-suvi-on-viimaks-labi","status":"publish","type":"post","link":"https:\/\/www.real.edu.ee\/ajaveeb\/arh136b\/2010\/08\/19\/kui-suvi-on-viimaks-labi\/","title":{"rendered":"Kui suvi on viimaks l\u00e4bi&#8230;"},"content":{"rendered":"<p style=\"text-align: center\"><strong>September, kes kartis kooli minna<\/strong><\/p>\n<p style=\"text-align: center\"><strong> <\/strong>\u00dclle K\u00fctsen<\/p>\n<p style=\"text-align: center\">\n<p style=\"text-align: center\">\n<p style=\"text-align: center\">Kui suvi on viimaks l\u00e4bi ja lapsed tulevad linna<strong>,<\/strong><\/p>\n<p style=\"text-align: center\">kardab \u00fcks v\u00e4ike september \u00fcksinda kooli minna<strong>.<\/strong><\/p>\n<p style=\"text-align: center\"><strong> <\/strong>Tahtis veel mererannas p\u00fc\u00fcda p\u00e4ikest ja tuuli,<\/p>\n<p style=\"text-align: center\">lootis, et \u00e4kki v\u00f5iks kooli minna hoopis juuli.<\/p>\n<p style=\"text-align: center\">N\u00e4gi, et kodud on t\u00e4is elevil koolij\u00fctse<\/p>\n<p style=\"text-align: center\">ja emad otsivad v\u00e4lja v\u00e4\u00e4rikaid koolim\u00fctse.<\/p>\n<p style=\"text-align: center\">Ootamas avas\u00fcli lapsi tagasi kool,<\/p>\n<p style=\"text-align: center\">teele l\u00e4ks v\u00e4ike september lastega \u00fcheskoos.<\/p>\n<p style=\"text-align: center\">\n<p style=\"text-align: center\">\n<p style=\"text-align: center\">\n<p style=\"text-align: center\">Raamatust\u00a0 &#8220;V\u00e4ike puu ja r\u00e4ndur kuu&#8221;<\/p>\n<p style=\"text-align: center\"><a href=\"http:\/\/www.real.edu.ee\/ajaveeb\/arh136b\/files\/2010\/08\/kidsline2.gif\"><img loading=\"lazy\" decoding=\"async\" class=\"aligncenter size-full wp-image-471\" title=\"kidsline2\" src=\"http:\/\/www.real.edu.ee\/ajaveeb\/arh136b\/files\/2010\/08\/kidsline2.gif\" alt=\"\" width=\"220\" height=\"85\" \/><\/a><\/p>\n<p style=\"text-align: center\"><strong><br \/>\n<\/strong><\/p>\n","protected":false},"excerpt":{"rendered":"<p>September, kes kartis kooli minna \u00dclle K\u00fctsen Kui suvi on viimaks l\u00e4bi ja lapsed tulevad linna, kardab \u00fcks v\u00e4ike september \u00fcksinda kooli minna. Tahtis veel mererannas p\u00fc\u00fcda p\u00e4ikest ja tuuli, lootis, et \u00e4kki v\u00f5iks kooli minna hoopis juuli. N\u00e4gi, et kodud on t\u00e4is elevil koolij\u00fctse ja emad otsivad v\u00e4lja v\u00e4\u00e4rikaid koolim\u00fctse. Ootamas avas\u00fcli lapsi tagasi [&hellip;]<\/p>\n","protected":false},"author":1,"featured_media":0,"comment_status":"open","ping_status":"open","sticky":false,"template":"","format":"standard","meta":{"footnotes":""},"categories":[2],"tags":[],"class_list":["post-436","post","type-post","status-publish","format-standard","hentry","category-1b"],"_links":{"self":[{"href":"https:\/\/www.real.edu.ee\/ajaveeb\/arh136b\/wp-json\/wp\/v2\/posts\/436","targetHints":{"allow":["GET"]}}],"collection":[{"href":"https:\/\/www.real.edu.ee\/ajaveeb\/arh136b\/wp-json\/wp\/v2\/posts"}],"about":[{"href":"https:\/\/www.real.edu.ee\/ajaveeb\/arh136b\/wp-json\/wp\/v2\/types\/post"}],"author":[{"embeddable":true,"href":"https:\/\/www.real.edu.ee\/ajaveeb\/arh136b\/wp-json\/wp\/v2\/users\/1"}],"replies":[{"embeddable":true,"href":"https:\/\/www.real.edu.ee\/ajaveeb\/arh136b\/wp-json\/wp\/v2\/comments?post=436"}],"version-history":[{"count":0,"href":"https:\/\/www.real.edu.ee\/ajaveeb\/arh136b\/wp-json\/wp\/v2\/posts\/436\/revisions"}],"wp:attachment":[{"href":"https:\/\/www.real.edu.ee\/ajaveeb\/arh136b\/wp-json\/wp\/v2\/media?parent=436"}],"wp:term":[{"taxonomy":"category","embeddable":true,"href":"https:\/\/www.real.edu.ee\/ajaveeb\/arh136b\/wp-json\/wp\/v2\/categories?post=436"},{"taxonomy":"post_tag","embeddable":true,"href":"https:\/\/www.real.edu.ee\/ajaveeb\/arh136b\/wp-json\/wp\/v2\/tags?post=436"}],"curies":[{"name":"wp","href":"https:\/\/api.w.org\/{rel}","templated":true}]}}