{"id":2466,"date":"2018-01-25T23:03:15","date_gmt":"2018-01-25T20:03:15","guid":{"rendered":"http:\/\/www.real.edu.ee\/ajaveeb\/136b\/?p=2466"},"modified":"2018-01-25T23:03:15","modified_gmt":"2018-01-25T20:03:15","slug":"oppekaik-sagadile","status":"publish","type":"post","link":"https:\/\/www.real.edu.ee\/ajaveeb\/arh136b\/2018\/01\/25\/oppekaik-sagadile\/","title":{"rendered":"\u00d5ppek\u00e4ik Sagadile"},"content":{"rendered":"<div dir=\"auto\">Kolmap\u00e4eval, 24. jaanuaril k\u00e4isime klassiga Sagadil \u00f5ppek\u00e4igul. \u00d5ppek\u00e4igu eesm\u00e4rk oli \u00f5ppida paremini tundma eesti loodust ja osaliselt ka ajalugu.<\/div>\n<div dir=\"auto\">K\u00f5igepealt k\u00fclastasime metsamuuseumit, kus saime vaadata huvitavaid eksponaate.<\/div>\n<div dir=\"auto\"><img loading=\"lazy\" decoding=\"async\" class=\"alignnone size-medium wp-image-2506\" src=\"http:\/\/www.real.edu.ee\/ajaveeb\/arh136b\/files\/2018\/01\/IMG_3906-223x300.jpg\" alt=\"\" width=\"223\" height=\"300\" srcset=\"https:\/\/www.real.edu.ee\/ajaveeb\/arh136b\/files\/2018\/01\/IMG_3906-223x300.jpg 223w, https:\/\/www.real.edu.ee\/ajaveeb\/arh136b\/files\/2018\/01\/IMG_3906-768x1033.jpg 768w, https:\/\/www.real.edu.ee\/ajaveeb\/arh136b\/files\/2018\/01\/IMG_3906-761x1024.jpg 761w, https:\/\/www.real.edu.ee\/ajaveeb\/arh136b\/files\/2018\/01\/IMG_3906.jpg 992w\" sizes=\"auto, (max-width: 223px) 100vw, 223px\" \/><img loading=\"lazy\" decoding=\"async\" class=\"alignnone size-medium wp-image-2505\" src=\"http:\/\/www.real.edu.ee\/ajaveeb\/arh136b\/files\/2018\/01\/IMG_3905-300x225.jpg\" alt=\"\" width=\"300\" height=\"225\" srcset=\"https:\/\/www.real.edu.ee\/ajaveeb\/arh136b\/files\/2018\/01\/IMG_3905-300x225.jpg 300w, https:\/\/www.real.edu.ee\/ajaveeb\/arh136b\/files\/2018\/01\/IMG_3905-768x576.jpg 768w, https:\/\/www.real.edu.ee\/ajaveeb\/arh136b\/files\/2018\/01\/IMG_3905-1024x768.jpg 1024w, https:\/\/www.real.edu.ee\/ajaveeb\/arh136b\/files\/2018\/01\/IMG_3905.jpg 1334w\" sizes=\"auto, (max-width: 300px) 100vw, 300px\" \/>Samuti saime seal tunda looduste l\u00f5hna ja helisid. Kui me olime seal l\u00f5petanud saime me s\u00fc\u00fca ning p\u00e4rast seda liikusime edasi Sagadi m\u00f5isa muuseumisse. Seal oli n\u00e4ha, kuidas vanal ajal elati. Seal olid magamistoad, s\u00f6\u00f6gitoad ja kabinetid.<\/div>\n<div dir=\"auto\">\u00a0M\u00f5isast liikusime me edasi metsa, et minna matkama. Metsas sai n\u00e4ha imeilusat talvist loodust. Me n\u00e4gime paljusid r\u00e4ndrahne. Samuti n\u00e4gime me ilusat ranniku\u00e4\u00e4rset loodust. Kui me tagasi tulema hakkasime oli kuusepuude latvades n\u00e4ha p\u00f6ialpoisse. Neid oli v\u00e4ga keeruline m\u00e4rgata t\u00e4nu nende v\u00e4ikesele kasvule, kuid siiski suutsid osad m\u00f5nda isendit m\u00e4rgata.<\/div>\n<div dir=\"auto\"><img loading=\"lazy\" decoding=\"async\" class=\"alignnone size-medium wp-image-2504\" src=\"http:\/\/www.real.edu.ee\/ajaveeb\/arh136b\/files\/2018\/01\/IMG_3909-146x300.jpg\" alt=\"\" width=\"146\" height=\"300\" srcset=\"https:\/\/www.real.edu.ee\/ajaveeb\/arh136b\/files\/2018\/01\/IMG_3909-146x300.jpg 146w, https:\/\/www.real.edu.ee\/ajaveeb\/arh136b\/files\/2018\/01\/IMG_3909-768x1579.jpg 768w, https:\/\/www.real.edu.ee\/ajaveeb\/arh136b\/files\/2018\/01\/IMG_3909-498x1024.jpg 498w, https:\/\/www.real.edu.ee\/ajaveeb\/arh136b\/files\/2018\/01\/IMG_3909.jpg 934w\" sizes=\"auto, (max-width: 146px) 100vw, 146px\" \/><\/div>\n<div dir=\"auto\">Viimaseks k\u00fclastasime n\u00e4itust &#8220;Lahemaa loodus ja inimene&#8221;, kus me vaatasime filmi Lahemaast. Film r\u00e4\u00e4kis sellest, kuidas Lahemaa tekkinud on ja mis on selle tagaj\u00e4rjed. N\u00e4itus ise r\u00e4\u00e4kis p\u00f5hiliselt lahemaa ajaloost.<\/div>\n<div dir=\"auto\">L\u00f5ppkokkuv\u00f5ttes oli see v\u00e4ga tore reis ning loodan, et selliseid tuleb veel.<\/div>\n<div dir=\"auto\"><img loading=\"lazy\" decoding=\"async\" class=\"alignnone size-medium wp-image-2503\" src=\"http:\/\/www.real.edu.ee\/ajaveeb\/arh136b\/files\/2018\/01\/IMG_3904-300x225.jpg\" alt=\"\" width=\"300\" height=\"225\" srcset=\"https:\/\/www.real.edu.ee\/ajaveeb\/arh136b\/files\/2018\/01\/IMG_3904-300x225.jpg 300w, https:\/\/www.real.edu.ee\/ajaveeb\/arh136b\/files\/2018\/01\/IMG_3904-768x576.jpg 768w, https:\/\/www.real.edu.ee\/ajaveeb\/arh136b\/files\/2018\/01\/IMG_3904-1024x768.jpg 1024w, https:\/\/www.real.edu.ee\/ajaveeb\/arh136b\/files\/2018\/01\/IMG_3904.jpg 1334w\" sizes=\"auto, (max-width: 300px) 100vw, 300px\" \/><\/div>\n<div dir=\"auto\"><\/div>\n<div dir=\"auto\"><\/div>\n<div dir=\"auto\"><\/div>\n<div dir=\"auto\">&#8211; Joosep<\/div>\n","protected":false},"excerpt":{"rendered":"<p>Kolmap\u00e4eval, 24. jaanuaril k\u00e4isime klassiga Sagadil \u00f5ppek\u00e4igul. \u00d5ppek\u00e4igu eesm\u00e4rk oli \u00f5ppida paremini tundma eesti loodust ja osaliselt ka ajalugu. K\u00f5igepealt k\u00fclastasime metsamuuseumit, kus saime vaadata huvitavaid eksponaate. Samuti saime seal tunda looduste l\u00f5hna ja helisid. Kui me olime seal l\u00f5petanud saime me s\u00fc\u00fca ning p\u00e4rast seda liikusime edasi Sagadi m\u00f5isa muuseumisse. Seal oli n\u00e4ha, kuidas [&hellip;]<\/p>\n","protected":false},"author":1,"featured_media":0,"comment_status":"closed","ping_status":"open","sticky":false,"template":"","format":"standard","meta":{"footnotes":""},"categories":[9],"tags":[],"class_list":["post-2466","post","type-post","status-publish","format-standard","hentry","category-9-b"],"_links":{"self":[{"href":"https:\/\/www.real.edu.ee\/ajaveeb\/arh136b\/wp-json\/wp\/v2\/posts\/2466","targetHints":{"allow":["GET"]}}],"collection":[{"href":"https:\/\/www.real.edu.ee\/ajaveeb\/arh136b\/wp-json\/wp\/v2\/posts"}],"about":[{"href":"https:\/\/www.real.edu.ee\/ajaveeb\/arh136b\/wp-json\/wp\/v2\/types\/post"}],"author":[{"embeddable":true,"href":"https:\/\/www.real.edu.ee\/ajaveeb\/arh136b\/wp-json\/wp\/v2\/users\/1"}],"replies":[{"embeddable":true,"href":"https:\/\/www.real.edu.ee\/ajaveeb\/arh136b\/wp-json\/wp\/v2\/comments?post=2466"}],"version-history":[{"count":0,"href":"https:\/\/www.real.edu.ee\/ajaveeb\/arh136b\/wp-json\/wp\/v2\/posts\/2466\/revisions"}],"wp:attachment":[{"href":"https:\/\/www.real.edu.ee\/ajaveeb\/arh136b\/wp-json\/wp\/v2\/media?parent=2466"}],"wp:term":[{"taxonomy":"category","embeddable":true,"href":"https:\/\/www.real.edu.ee\/ajaveeb\/arh136b\/wp-json\/wp\/v2\/categories?post=2466"},{"taxonomy":"post_tag","embeddable":true,"href":"https:\/\/www.real.edu.ee\/ajaveeb\/arh136b\/wp-json\/wp\/v2\/tags?post=2466"}],"curies":[{"name":"wp","href":"https:\/\/api.w.org\/{rel}","templated":true}]}}