{"id":2438,"date":"2017-09-19T14:02:50","date_gmt":"2017-09-19T11:02:50","guid":{"rendered":"http:\/\/www.real.edu.ee\/ajaveeb\/136b\/?p=2438"},"modified":"2017-09-19T14:02:50","modified_gmt":"2017-09-19T11:02:50","slug":"pilvede-varvid","status":"publish","type":"post","link":"https:\/\/www.real.edu.ee\/ajaveeb\/arh136b\/2017\/09\/19\/pilvede-varvid\/","title":{"rendered":"&#8220;Pilvede v\u00e4rvid&#8221;"},"content":{"rendered":"<p>Kohe uue kooliaasta alguses r\u00f5\u00f5mustas meid k\u00f5iki uudis, et juba m\u00f5ne n\u00e4dala p\u00e4rast saame minna Estonia kontserdisaali vaatama lavastust ,,Pilvede v\u00e4rvid\u201d. Etenduse heliloojaks on Reaalkooli vilistlane Rasmus Puur, kes oma tiheda graafiku k\u00f5rvalt leidis aega tulla ka meie klassile r\u00e4\u00e4kima ooperi kirjutamisest ja oma t\u00f6\u00f6st \u00fcldiselt.<\/p>\n<p>19. septembril seadsidki meie kooli 8.-12. klassid sammu naaberhoone poole Rahvusooper Estoniasse ja n\u00e4gime \u00e4ra teose peaproovi, kolm p\u00e4eva enne ametlikku maailmaesietendust 22. septembril. Jaan Kruusvalli samanimelisel n\u00e4idendil p\u00f5hinev ,,Pilvede v\u00e4rvid\u201d jutustab loo s\u00fcndmustest Eestis Teise maailmas\u00f5ja ajal: oma riigi eest seismine, N\u00f5ukogude v\u00f5imu eest peitumine, v\u00e4lismaale p\u00f5genemine. Etenduse lavastajaks oli Roman Baskin ning libreto autoriks Laur Lomper.<\/p>\n<p>P\u00e4rast etendust teiste arvamust k\u00fcsides ei \u00f6elnud absoluutselt \u00fckski inimene, et etendus ei oleks meeldinud ning tundus, et k\u00f5ik j\u00e4id teatrik\u00fclastusega v\u00e4ga rahule!<\/p>\n<p>&nbsp;<\/p>\n<p>&#8211; Martin<\/p>\n","protected":false},"excerpt":{"rendered":"<p>Kohe uue kooliaasta alguses r\u00f5\u00f5mustas meid k\u00f5iki uudis, et juba m\u00f5ne n\u00e4dala p\u00e4rast saame minna Estonia kontserdisaali vaatama lavastust ,,Pilvede v\u00e4rvid\u201d. Etenduse heliloojaks on Reaalkooli vilistlane Rasmus Puur, kes oma tiheda graafiku k\u00f5rvalt leidis aega tulla ka meie klassile r\u00e4\u00e4kima ooperi kirjutamisest ja oma t\u00f6\u00f6st \u00fcldiselt. 19. septembril seadsidki meie kooli 8.-12. klassid sammu naaberhoone [&hellip;]<\/p>\n","protected":false},"author":1,"featured_media":0,"comment_status":"closed","ping_status":"open","sticky":false,"template":"","format":"standard","meta":{"footnotes":""},"categories":[9],"tags":[],"class_list":["post-2438","post","type-post","status-publish","format-standard","hentry","category-9-b"],"_links":{"self":[{"href":"https:\/\/www.real.edu.ee\/ajaveeb\/arh136b\/wp-json\/wp\/v2\/posts\/2438","targetHints":{"allow":["GET"]}}],"collection":[{"href":"https:\/\/www.real.edu.ee\/ajaveeb\/arh136b\/wp-json\/wp\/v2\/posts"}],"about":[{"href":"https:\/\/www.real.edu.ee\/ajaveeb\/arh136b\/wp-json\/wp\/v2\/types\/post"}],"author":[{"embeddable":true,"href":"https:\/\/www.real.edu.ee\/ajaveeb\/arh136b\/wp-json\/wp\/v2\/users\/1"}],"replies":[{"embeddable":true,"href":"https:\/\/www.real.edu.ee\/ajaveeb\/arh136b\/wp-json\/wp\/v2\/comments?post=2438"}],"version-history":[{"count":0,"href":"https:\/\/www.real.edu.ee\/ajaveeb\/arh136b\/wp-json\/wp\/v2\/posts\/2438\/revisions"}],"wp:attachment":[{"href":"https:\/\/www.real.edu.ee\/ajaveeb\/arh136b\/wp-json\/wp\/v2\/media?parent=2438"}],"wp:term":[{"taxonomy":"category","embeddable":true,"href":"https:\/\/www.real.edu.ee\/ajaveeb\/arh136b\/wp-json\/wp\/v2\/categories?post=2438"},{"taxonomy":"post_tag","embeddable":true,"href":"https:\/\/www.real.edu.ee\/ajaveeb\/arh136b\/wp-json\/wp\/v2\/tags?post=2438"}],"curies":[{"name":"wp","href":"https:\/\/api.w.org\/{rel}","templated":true}]}}