{"id":2402,"date":"2016-02-04T23:51:51","date_gmt":"2016-02-04T20:51:51","guid":{"rendered":"http:\/\/www.real.edu.ee\/ajaveeb\/136b\/?p=2402"},"modified":"2016-02-04T23:51:51","modified_gmt":"2016-02-04T20:51:51","slug":"suusareis-valgehobusemaele","status":"publish","type":"post","link":"https:\/\/www.real.edu.ee\/ajaveeb\/arh136b\/2016\/02\/04\/suusareis-valgehobusemaele\/","title":{"rendered":"Suusareis Valgehobusem\u00e4ele"},"content":{"rendered":"<p>T\u00e4na, 4. veebruaril k\u00e4isime klassiga Valgehobusem\u00e4el suusatamas. Hommikul startis buss kella 9. paiku kooli eest ning siis olimegi teel Valgehobusem\u00e4ele. Tundus, et klass nautis v\u00e4gagi bussis\u00f5itu ning kui me l\u00f5puks kohale j\u00f5udsime, siis s\u00e4titi end kiirelt valmis ja suunduti rajale. Need kes l\u00e4ksid m\u00e4ele s\u00f5itma said m\u00f5nusalt klassiga \u00fcksinda m\u00e4el olla ja need kes murdmaad eelistasid said v\u00e4rskeid radu nautida. M\u00f5ne aja p\u00e4rast kell 12.00 toimus l\u00f5unas\u00f6\u00f6k kus s\u00f6\u00f6di k\u00f5ht t\u00e4is ning suunduti tagasi m\u00e4ele v\u00f5i rajale. Paljud eelistasid ka snowtuubidega s\u00f5itmist mis osutus ka v\u00e4ga l\u00f5busaks tegevuseks. Peale seda kui s\u00f5idud olid s\u00f5idetud ja liud olid lastud hakkasime asju kokkupoole panema ja suundusime bussi poole ning hakkasime tagasi Tallinna poole s\u00f5itma. Tagasitee m\u00f6\u00f6dus kiirelt ning l\u00f5puks kui tagasi kooli ette j\u00f5udsime said k\u00f5ik edasi minna. Kuigi varasemas plaanis oli m\u00f5te reis ilma t\u00f5ttu vahele j\u00e4tta, j\u00e4ime me ikkagi plaani juurde ning l\u00f5puks vedas meil v\u00e4gagi ilmaga ning saime peale kunstlume ka valget lumekihti n\u00e4ha. Mulle tundus et kukkumistest ja v\u00e4ikestest \u00f5nnetustest ei lastud end h\u00e4irida ning k\u00f5ik nautisid vaba p\u00e4eva \u00f5ues ning looduses sportimas. Loodame, et selliseid toredaid reise tuleb veel.<\/p>\n<p><a href=\"http:\/\/www.real.edu.ee\/ajaveeb\/arh136b\/files\/2016\/02\/Valgehobusemagi_1.jpg\"><img loading=\"lazy\" decoding=\"async\" class=\"alignnone size-medium wp-image-2403\" title=\"Valgehobusemagi_1\" src=\"http:\/\/www.real.edu.ee\/ajaveeb\/arh136b\/files\/2016\/02\/Valgehobusemagi_1-300x64.jpg\" alt=\"\" width=\"300\" height=\"64\" \/><\/a><\/p>\n<p><a href=\"http:\/\/www.real.edu.ee\/ajaveeb\/arh136b\/files\/2016\/02\/Valgehobusemagi_2.jpg\"><img loading=\"lazy\" decoding=\"async\" class=\"alignnone size-medium wp-image-2404\" title=\"Valgehobusemagi_2\" src=\"http:\/\/www.real.edu.ee\/ajaveeb\/arh136b\/files\/2016\/02\/Valgehobusemagi_2-300x225.jpg\" alt=\"\" width=\"300\" height=\"225\" srcset=\"https:\/\/www.real.edu.ee\/ajaveeb\/arh136b\/files\/2016\/02\/Valgehobusemagi_2-300x225.jpg 300w, https:\/\/www.real.edu.ee\/ajaveeb\/arh136b\/files\/2016\/02\/Valgehobusemagi_2-768x576.jpg 768w, https:\/\/www.real.edu.ee\/ajaveeb\/arh136b\/files\/2016\/02\/Valgehobusemagi_2-1024x768.jpg 1024w, https:\/\/www.real.edu.ee\/ajaveeb\/arh136b\/files\/2016\/02\/Valgehobusemagi_2.jpg 1280w\" sizes=\"auto, (max-width: 300px) 100vw, 300px\" \/><\/a><\/p>\n","protected":false},"excerpt":{"rendered":"<p>T\u00e4na, 4. veebruaril k\u00e4isime klassiga Valgehobusem\u00e4el suusatamas. Hommikul startis buss kella 9. paiku kooli eest ning siis olimegi teel Valgehobusem\u00e4ele. Tundus, et klass nautis v\u00e4gagi bussis\u00f5itu ning kui me l\u00f5puks kohale j\u00f5udsime, siis s\u00e4titi end kiirelt valmis ja suunduti rajale. Need kes l\u00e4ksid m\u00e4ele s\u00f5itma said m\u00f5nusalt klassiga \u00fcksinda m\u00e4el olla ja need kes murdmaad [&hellip;]<\/p>\n","protected":false},"author":1,"featured_media":0,"comment_status":"open","ping_status":"open","sticky":false,"template":"","format":"standard","meta":{"footnotes":""},"categories":[8],"tags":[],"class_list":["post-2402","post","type-post","status-publish","format-standard","hentry","category-7-b"],"_links":{"self":[{"href":"https:\/\/www.real.edu.ee\/ajaveeb\/arh136b\/wp-json\/wp\/v2\/posts\/2402","targetHints":{"allow":["GET"]}}],"collection":[{"href":"https:\/\/www.real.edu.ee\/ajaveeb\/arh136b\/wp-json\/wp\/v2\/posts"}],"about":[{"href":"https:\/\/www.real.edu.ee\/ajaveeb\/arh136b\/wp-json\/wp\/v2\/types\/post"}],"author":[{"embeddable":true,"href":"https:\/\/www.real.edu.ee\/ajaveeb\/arh136b\/wp-json\/wp\/v2\/users\/1"}],"replies":[{"embeddable":true,"href":"https:\/\/www.real.edu.ee\/ajaveeb\/arh136b\/wp-json\/wp\/v2\/comments?post=2402"}],"version-history":[{"count":0,"href":"https:\/\/www.real.edu.ee\/ajaveeb\/arh136b\/wp-json\/wp\/v2\/posts\/2402\/revisions"}],"wp:attachment":[{"href":"https:\/\/www.real.edu.ee\/ajaveeb\/arh136b\/wp-json\/wp\/v2\/media?parent=2402"}],"wp:term":[{"taxonomy":"category","embeddable":true,"href":"https:\/\/www.real.edu.ee\/ajaveeb\/arh136b\/wp-json\/wp\/v2\/categories?post=2402"},{"taxonomy":"post_tag","embeddable":true,"href":"https:\/\/www.real.edu.ee\/ajaveeb\/arh136b\/wp-json\/wp\/v2\/tags?post=2402"}],"curies":[{"name":"wp","href":"https:\/\/api.w.org\/{rel}","templated":true}]}}