{"id":2346,"date":"2015-11-24T00:00:07","date_gmt":"2015-11-23T21:00:07","guid":{"rendered":"http:\/\/www.real.edu.ee\/ajaveeb\/136b\/?p=2346"},"modified":"2015-11-24T00:00:07","modified_gmt":"2015-11-23T21:00:07","slug":"euroopa-jaatmetekke-vahendamise-nadala-viktoriin","status":"publish","type":"post","link":"https:\/\/www.real.edu.ee\/ajaveeb\/arh136b\/2015\/11\/24\/euroopa-jaatmetekke-vahendamise-nadala-viktoriin\/","title":{"rendered":"Euroopa j\u00e4\u00e4tmetekke v\u00e4hendamise n\u00e4dala viktoriin"},"content":{"rendered":"<p>Teisip\u00e4eval, 24. novembril k\u00e4isid meie klassist Eva-Lotta Mett, Anna Pauliina Rumm, Aleksandra Maarja Maitse ja Ragnar Kranberg \u00fcle Tallinalisel Keskkonna viktoriinil, saavutades Tallinnas auv\u00e4\u00e4rse 1. koha. Auhinnaks oli pakett 25 inimesele k\u00fclastuseks Energia avastuskeskusesse koos kahe lisategevusega ning ka j\u00e4\u00e4tmetest tehtud karikas. Viktoriinil panid \u00f5pilased proovile oma j\u00e4\u00e4tmealased teadmised. K\u00f5iki v\u00f5istlejaid tervitas video vahendusel keskkonnaminister Marko Pomerants. Minister esitas ka avak\u00fcsimuse.\u00a0 Osalemine andis \u00f5pilastele motivatsiooni tuletada meelde j\u00e4\u00e4tmete v\u00e4hendamise p\u00f5hit\u00f5ed ning viia end kurssi uute teadmistega sortimise ja taaskasutuse vallast. Viktoriiniks ettevalmistudes tuli tutvuda erinevate j\u00e4\u00e4tmeteemaliste \u00f5ppematerjalidega.<\/p>\n<p>Lisainfo: http:\/\/www.keskkonnaamet.ee\/teenused\/keskkonnaharidus-2\/konkursid-2\/2015-3\/<\/p>\n<p><a href=\"http:\/\/www.real.edu.ee\/ajaveeb\/arh136b\/files\/2015\/12\/jaatmekaitlus-2.jpg\"><img loading=\"lazy\" decoding=\"async\" class=\"alignnone size-medium wp-image-2361\" title=\"jaatmekaitlus (2)\" src=\"http:\/\/www.real.edu.ee\/ajaveeb\/arh136b\/files\/2015\/12\/jaatmekaitlus-2-300x225.jpg\" alt=\"\" width=\"300\" height=\"225\" srcset=\"https:\/\/www.real.edu.ee\/ajaveeb\/arh136b\/files\/2015\/12\/jaatmekaitlus-2-300x225.jpg 300w, https:\/\/www.real.edu.ee\/ajaveeb\/arh136b\/files\/2015\/12\/jaatmekaitlus-2-768x576.jpg 768w, https:\/\/www.real.edu.ee\/ajaveeb\/arh136b\/files\/2015\/12\/jaatmekaitlus-2.jpg 1000w\" sizes=\"auto, (max-width: 300px) 100vw, 300px\" \/><\/a><\/p>\n","protected":false},"excerpt":{"rendered":"<p>Teisip\u00e4eval, 24. novembril k\u00e4isid meie klassist Eva-Lotta Mett, Anna Pauliina Rumm, Aleksandra Maarja Maitse ja Ragnar Kranberg \u00fcle Tallinalisel Keskkonna viktoriinil, saavutades Tallinnas auv\u00e4\u00e4rse 1. koha. Auhinnaks oli pakett 25 inimesele k\u00fclastuseks Energia avastuskeskusesse koos kahe lisategevusega ning ka j\u00e4\u00e4tmetest tehtud karikas. Viktoriinil panid \u00f5pilased proovile oma j\u00e4\u00e4tmealased teadmised. K\u00f5iki v\u00f5istlejaid tervitas video vahendusel keskkonnaminister [&hellip;]<\/p>\n","protected":false},"author":1,"featured_media":0,"comment_status":"open","ping_status":"open","sticky":false,"template":"","format":"standard","meta":{"footnotes":""},"categories":[8],"tags":[],"class_list":["post-2346","post","type-post","status-publish","format-standard","hentry","category-7-b"],"_links":{"self":[{"href":"https:\/\/www.real.edu.ee\/ajaveeb\/arh136b\/wp-json\/wp\/v2\/posts\/2346","targetHints":{"allow":["GET"]}}],"collection":[{"href":"https:\/\/www.real.edu.ee\/ajaveeb\/arh136b\/wp-json\/wp\/v2\/posts"}],"about":[{"href":"https:\/\/www.real.edu.ee\/ajaveeb\/arh136b\/wp-json\/wp\/v2\/types\/post"}],"author":[{"embeddable":true,"href":"https:\/\/www.real.edu.ee\/ajaveeb\/arh136b\/wp-json\/wp\/v2\/users\/1"}],"replies":[{"embeddable":true,"href":"https:\/\/www.real.edu.ee\/ajaveeb\/arh136b\/wp-json\/wp\/v2\/comments?post=2346"}],"version-history":[{"count":0,"href":"https:\/\/www.real.edu.ee\/ajaveeb\/arh136b\/wp-json\/wp\/v2\/posts\/2346\/revisions"}],"wp:attachment":[{"href":"https:\/\/www.real.edu.ee\/ajaveeb\/arh136b\/wp-json\/wp\/v2\/media?parent=2346"}],"wp:term":[{"taxonomy":"category","embeddable":true,"href":"https:\/\/www.real.edu.ee\/ajaveeb\/arh136b\/wp-json\/wp\/v2\/categories?post=2346"},{"taxonomy":"post_tag","embeddable":true,"href":"https:\/\/www.real.edu.ee\/ajaveeb\/arh136b\/wp-json\/wp\/v2\/tags?post=2346"}],"curies":[{"name":"wp","href":"https:\/\/api.w.org\/{rel}","templated":true}]}}