{"id":220,"date":"2010-02-23T12:58:17","date_gmt":"2010-02-23T09:58:17","guid":{"rendered":"http:\/\/www.real.edu.ee\/ajaveeb\/136b\/?p=220"},"modified":"2010-02-23T12:58:17","modified_gmt":"2010-02-23T09:58:17","slug":"eesti-vabariigi-sunnipaeva-eel","status":"publish","type":"post","link":"https:\/\/www.real.edu.ee\/ajaveeb\/arh136b\/2010\/02\/23\/eesti-vabariigi-sunnipaeva-eel\/","title":{"rendered":"Eesti Vabariigi s\u00fcnnip\u00e4eva eel"},"content":{"rendered":"<p><strong> &#8230;OLI 1. KLASSIDE \u00dcLESANNE..<\/strong><\/p>\n<p>&#8230;kaunistada vabariigi aastap\u00e4evaks\u00a0 v\u00e4ike koolimaja!<\/p>\n<p>Joonistasime\u00a0 Tallinna t\u00e4navaid ja kujutasime neil k\u00f5ndimas tuntud eesti inimesi. T\u00e4navail jalutavad President prouaga, Jelena Glebova, Andrus Veerpalu, Jaak Mae, Krista Lensin, Jaan Elgula,\u00a0 Julius Oro ja paljud teised&#8230;. Vaata v\u00e4ikse maja seintele ja Sa tunned nad \u00e4ra!<\/p>\n<p>L\u00f5ikasime ja kleepisime ka\u00a0 sini-must-valgeid lippe lipuvaniku tegemiseks. Sellega kaunistasime koolimaja koridorid ja l\u00f5ime majas kohe piduliku \u00f5hkkonna!<\/p>\n<p>Ait\u00e4h k\u00f5igile tublidele kunstnikele!<\/p>\n\n\t\t<style type=\"text\/css\">\n\t\t\t#gallery-1 {\n\t\t\t\tmargin: auto;\n\t\t\t}\n\t\t\t#gallery-1 .gallery-item {\n\t\t\t\tfloat: left;\n\t\t\t\tmargin-top: 10px;\n\t\t\t\ttext-align: center;\n\t\t\t\twidth: 25%;\n\t\t\t}\n\t\t\t#gallery-1 img {\n\t\t\t\tborder: 2px solid #cfcfcf;\n\t\t\t}\n\t\t\t#gallery-1 .gallery-caption {\n\t\t\t\tmargin-left: 0;\n\t\t\t}\n\t\t\t\/* see gallery_shortcode() in wp-includes\/media.php *\/\n\t\t<\/style>\n\t\t<div id='gallery-1' class='gallery galleryid-220 gallery-columns-4 gallery-size-thumbnail'><dl class='gallery-item'>\n\t\t\t<dt class='gallery-icon landscape'>\n\t\t\t\t<a href='https:\/\/www.real.edu.ee\/ajaveeb\/arh136b\/files\/2010\/02\/P2234156.jpg'><img loading=\"lazy\" decoding=\"async\" width=\"150\" height=\"150\" src=\"https:\/\/www.real.edu.ee\/ajaveeb\/arh136b\/files\/2010\/02\/P2234156-150x150.jpg\" class=\"attachment-thumbnail size-thumbnail\" alt=\"\" \/><\/a>\n\t\t\t<\/dt><\/dl><dl class='gallery-item'>\n\t\t\t<dt class='gallery-icon landscape'>\n\t\t\t\t<a href='https:\/\/www.real.edu.ee\/ajaveeb\/arh136b\/files\/2010\/02\/P2234157.jpg'><img loading=\"lazy\" decoding=\"async\" width=\"150\" height=\"150\" src=\"https:\/\/www.real.edu.ee\/ajaveeb\/arh136b\/files\/2010\/02\/P2234157-150x150.jpg\" class=\"attachment-thumbnail size-thumbnail\" alt=\"\" \/><\/a>\n\t\t\t<\/dt><\/dl><dl class='gallery-item'>\n\t\t\t<dt class='gallery-icon landscape'>\n\t\t\t\t<a href='https:\/\/www.real.edu.ee\/ajaveeb\/arh136b\/files\/2010\/02\/P2234158.jpg'><img loading=\"lazy\" decoding=\"async\" width=\"150\" height=\"150\" src=\"https:\/\/www.real.edu.ee\/ajaveeb\/arh136b\/files\/2010\/02\/P2234158-150x150.jpg\" class=\"attachment-thumbnail size-thumbnail\" alt=\"\" \/><\/a>\n\t\t\t<\/dt><\/dl><dl class='gallery-item'>\n\t\t\t<dt class='gallery-icon landscape'>\n\t\t\t\t<a href='https:\/\/www.real.edu.ee\/ajaveeb\/arh136b\/files\/2010\/02\/P2234159.jpg'><img loading=\"lazy\" decoding=\"async\" width=\"150\" height=\"150\" src=\"https:\/\/www.real.edu.ee\/ajaveeb\/arh136b\/files\/2010\/02\/P2234159-150x150.jpg\" class=\"attachment-thumbnail size-thumbnail\" alt=\"\" \/><\/a>\n\t\t\t<\/dt><\/dl><br style=\"clear: both\" \/>\n\t\t<\/div>\n\n","protected":false},"excerpt":{"rendered":"<p>&#8230;OLI 1. KLASSIDE \u00dcLESANNE.. &#8230;kaunistada vabariigi aastap\u00e4evaks\u00a0 v\u00e4ike koolimaja! Joonistasime\u00a0 Tallinna t\u00e4navaid ja kujutasime neil k\u00f5ndimas tuntud eesti inimesi. T\u00e4navail jalutavad President prouaga, Jelena Glebova, Andrus Veerpalu, Jaak Mae, Krista Lensin, Jaan Elgula,\u00a0 Julius Oro ja paljud teised&#8230;. Vaata v\u00e4ikse maja seintele ja Sa tunned nad \u00e4ra! L\u00f5ikasime ja kleepisime ka\u00a0 sini-must-valgeid lippe lipuvaniku tegemiseks. [&hellip;]<\/p>\n","protected":false},"author":1,"featured_media":0,"comment_status":"open","ping_status":"open","sticky":false,"template":"","format":"standard","meta":{"footnotes":""},"categories":[2],"tags":[],"class_list":["post-220","post","type-post","status-publish","format-standard","hentry","category-1b"],"_links":{"self":[{"href":"https:\/\/www.real.edu.ee\/ajaveeb\/arh136b\/wp-json\/wp\/v2\/posts\/220","targetHints":{"allow":["GET"]}}],"collection":[{"href":"https:\/\/www.real.edu.ee\/ajaveeb\/arh136b\/wp-json\/wp\/v2\/posts"}],"about":[{"href":"https:\/\/www.real.edu.ee\/ajaveeb\/arh136b\/wp-json\/wp\/v2\/types\/post"}],"author":[{"embeddable":true,"href":"https:\/\/www.real.edu.ee\/ajaveeb\/arh136b\/wp-json\/wp\/v2\/users\/1"}],"replies":[{"embeddable":true,"href":"https:\/\/www.real.edu.ee\/ajaveeb\/arh136b\/wp-json\/wp\/v2\/comments?post=220"}],"version-history":[{"count":0,"href":"https:\/\/www.real.edu.ee\/ajaveeb\/arh136b\/wp-json\/wp\/v2\/posts\/220\/revisions"}],"wp:attachment":[{"href":"https:\/\/www.real.edu.ee\/ajaveeb\/arh136b\/wp-json\/wp\/v2\/media?parent=220"}],"wp:term":[{"taxonomy":"category","embeddable":true,"href":"https:\/\/www.real.edu.ee\/ajaveeb\/arh136b\/wp-json\/wp\/v2\/categories?post=220"},{"taxonomy":"post_tag","embeddable":true,"href":"https:\/\/www.real.edu.ee\/ajaveeb\/arh136b\/wp-json\/wp\/v2\/tags?post=220"}],"curies":[{"name":"wp","href":"https:\/\/api.w.org\/{rel}","templated":true}]}}