{"id":211,"date":"2010-02-16T14:32:21","date_gmt":"2010-02-16T11:32:21","guid":{"rendered":"http:\/\/www.real.edu.ee\/ajaveeb\/136b\/?p=211"},"modified":"2010-02-16T14:32:21","modified_gmt":"2010-02-16T11:32:21","slug":"hoissa-vastlad","status":"publish","type":"post","link":"https:\/\/www.real.edu.ee\/ajaveeb\/arh136b\/2010\/02\/16\/hoissa-vastlad\/","title":{"rendered":"H\u00f5issa vastlad!"},"content":{"rendered":"<p>1.b vastlap\u00e4ev algas hommikul klassis, kus lahendasime rists\u00f5na (selle lahenduseks oli \u00fcks vastlap\u00e4eva maius) ja r\u00e4\u00e4kisime vanadest vastlakommetest. J\u00e4rgnesid teatev\u00f5istlused 1. a klassiga kooli hoovis,\u00a0 kus\u00a0 meie klassil \u00f5nnestus saavutada auhinnaline teine koht! J\u00e4rgnes l\u00f5unas\u00f6\u00f6k -hernesupp, kuum tee ja vastlakukkel ning siis asusime teele Hirveparki, et igale perele v\u00f5imalikult pikad linad kelgutada. S\u00f5itude p\u00f5hjal v\u00f5ib ennustada, et pikimad linad on kasvamas Lauri, Hannese ja Kaidi kodudes, aga ka k\u00f5igi teiste peredes on oodata head linasaaki!<\/p>\n<p><p><a href=\"http:\/\/www.slide.com\/pivot?cy=ms&amp;at=un&amp;id=2738188573470550381&amp;map=1\" target=\"_blank\"><img decoding=\"async\" src=\"http:\/\/widget-6d.slide.com\/p1\/2738188573470550381\/ms_t024_v000_s0un_f00\/images\/xslide1.gif\" border=\"0\" alt=\"\" \/><\/a> <a href=\"http:\/\/www.slide.com\/pivot?cy=ms&amp;at=un&amp;id=2738188573470550381&amp;map=2\" target=\"_blank\"><img decoding=\"async\" src=\"http:\/\/widget-6d.slide.com\/p2\/2738188573470550381\/ms_t024_v000_s0un_f00\/images\/xslide2.gif\" border=\"0\" alt=\"\" \/><\/a> <a href=\"http:\/\/www.slide.com\/pivot?cy=ms&amp;at=un&amp;id=2738188573470550381&amp;map=E\" target=\"_blank\"><img decoding=\"async\" src=\"http:\/\/widget-6d.slide.com\/m\/2738188573470550381\/ms_t024_v000_s0un_f00\/images\/xslide9_1.gif\" border=\"0\" alt=\"\" \/><\/a><\/p>\n","protected":false},"excerpt":{"rendered":"<p>1.b vastlap\u00e4ev algas hommikul klassis, kus lahendasime rists\u00f5na (selle lahenduseks oli \u00fcks vastlap\u00e4eva maius) ja r\u00e4\u00e4kisime vanadest vastlakommetest. J\u00e4rgnesid teatev\u00f5istlused 1. a klassiga kooli hoovis,\u00a0 kus\u00a0 meie klassil \u00f5nnestus saavutada auhinnaline teine koht! J\u00e4rgnes l\u00f5unas\u00f6\u00f6k -hernesupp, kuum tee ja vastlakukkel ning siis asusime teele Hirveparki, et igale perele v\u00f5imalikult pikad linad kelgutada. S\u00f5itude p\u00f5hjal v\u00f5ib [&hellip;]<\/p>\n","protected":false},"author":1,"featured_media":0,"comment_status":"open","ping_status":"open","sticky":false,"template":"","format":"standard","meta":{"footnotes":""},"categories":[2],"tags":[],"class_list":["post-211","post","type-post","status-publish","format-standard","hentry","category-1b"],"_links":{"self":[{"href":"https:\/\/www.real.edu.ee\/ajaveeb\/arh136b\/wp-json\/wp\/v2\/posts\/211","targetHints":{"allow":["GET"]}}],"collection":[{"href":"https:\/\/www.real.edu.ee\/ajaveeb\/arh136b\/wp-json\/wp\/v2\/posts"}],"about":[{"href":"https:\/\/www.real.edu.ee\/ajaveeb\/arh136b\/wp-json\/wp\/v2\/types\/post"}],"author":[{"embeddable":true,"href":"https:\/\/www.real.edu.ee\/ajaveeb\/arh136b\/wp-json\/wp\/v2\/users\/1"}],"replies":[{"embeddable":true,"href":"https:\/\/www.real.edu.ee\/ajaveeb\/arh136b\/wp-json\/wp\/v2\/comments?post=211"}],"version-history":[{"count":0,"href":"https:\/\/www.real.edu.ee\/ajaveeb\/arh136b\/wp-json\/wp\/v2\/posts\/211\/revisions"}],"wp:attachment":[{"href":"https:\/\/www.real.edu.ee\/ajaveeb\/arh136b\/wp-json\/wp\/v2\/media?parent=211"}],"wp:term":[{"taxonomy":"category","embeddable":true,"href":"https:\/\/www.real.edu.ee\/ajaveeb\/arh136b\/wp-json\/wp\/v2\/categories?post=211"},{"taxonomy":"post_tag","embeddable":true,"href":"https:\/\/www.real.edu.ee\/ajaveeb\/arh136b\/wp-json\/wp\/v2\/tags?post=211"}],"curies":[{"name":"wp","href":"https:\/\/api.w.org\/{rel}","templated":true}]}}